{"id":3674,"date":"2022-07-24T20:22:52","date_gmt":"2022-07-24T23:22:52","guid":{"rendered":"http:\/\/cultura.sma.gob.ar\/?p=3674"},"modified":"2022-07-27T22:03:47","modified_gmt":"2022-07-28T01:03:47","slug":"en-agosto-vuelve-la-casa-de-bernarda-alba-a-la-sala-amankay","status":"publish","type":"post","link":"https:\/\/cultura.sma.gob.ar\/?p=3674","title":{"rendered":"En agosto vuelve &#8220;La Casa de Bernarda Alba&#8221; a la Sala Amankay (CANCELADA)"},"content":{"rendered":"\n<figure class=\"wp-block-image size-large\"><img loading=\"lazy\" decoding=\"async\" width=\"710\" height=\"402\" src=\"http:\/\/cultura.sma.gob.ar\/wp-content\/uploads\/2022\/07\/La-casa-de-Bernarda-Alba-1.jpg\" alt=\"\" class=\"wp-image-3675\" srcset=\"https:\/\/cultura.sma.gob.ar\/wp-content\/uploads\/2022\/07\/La-casa-de-Bernarda-Alba-1.jpg 710w, https:\/\/cultura.sma.gob.ar\/wp-content\/uploads\/2022\/07\/La-casa-de-Bernarda-Alba-1-300x170.jpg 300w, https:\/\/cultura.sma.gob.ar\/wp-content\/uploads\/2022\/07\/La-casa-de-Bernarda-Alba-1-159x90.jpg 159w\" sizes=\"auto, (max-width: 710px) 100vw, 710px\" \/><\/figure>\n\n\n\n<p>El pr\u00f3ximo s\u00e1bado 6 y domingo 7 de agosto a las 21hs. vuelve, a nuestra querida Sala Amankay, la cl\u00e1sica obra del dramaturgo y poeta Federico Garc\u00eda Lorca, bajo la direcci\u00f3n de Gustavo Lozano.<\/p>\n\n\n\n<p>La renovada puesta en escena revaloriza uno de los mejores dramas de Lorca. El elenco formado por Anabella Neyssen, Julieta Lorenzo, Victoria Di Lello, Natalia Cossoy, Silvina Tonelli, Luj\u00e1n Noguera, Cecilia Cengia, Luisa Torreira y Karina Jozami, protagonizan la historia de una mujer desp\u00f3tica y sus hijas.<br>La obra, estrenada en Buenos Aires en 1945 por la compa\u00f1\u00eda de Margarita Xirgu, no ha perdido vigencia en su cuestionamiento sobre la autoridad y la libertad individual, que tambi\u00e9n nos lleva a reflexionar sobre la hipocres\u00eda y las imposiciones sociales.<br>Direcci\u00f3n Gustavo Lozano<\/p>\n\n\n\n<p>Entrada general $700.- En venta en la Boleteria del Centro Cultural.<\/p>\n","protected":false},"excerpt":{"rendered":"<p>El pr\u00f3ximo s\u00e1bado 6 y domingo 7 de agosto a las 21hs. vuelve, a nuestra querida Sala Amankay, la cl\u00e1sica obra del dramaturgo y poeta Federico Garc\u00eda Lorca, bajo la direcci\u00f3n de Gustavo Lozano. La renovada puesta en escena revaloriza uno de los mejores dramas de Lorca. El elenco formado por Anabella Neyssen, Julieta Lorenzo, Victoria Di Lello, Natalia Cossoy, Silvina Tonelli, Luj\u00e1n Noguera, Cecilia &hellip; <a href=\"https:\/\/cultura.sma.gob.ar\/?p=3674\" class=\"more-link\">Continue reading <span class=\"screen-reader-text\">En agosto vuelve &#8220;La Casa de Bernarda Alba&#8221; a la Sala Amankay (CANCELADA)<\/span><\/a><\/p>\n","protected":false},"author":1,"featured_media":297,"comment_status":"closed","ping_status":"closed","sticky":false,"template":"","format":"image","meta":{"footnotes":""},"categories":[2,9],"tags":[],"class_list":["post-3674","post","type-post","status-publish","format-image","has-post-thumbnail","hentry","category-ciudad-cultural","category-ultimas-noticias","post_format-post-format-image"],"_links":{"self":[{"href":"https:\/\/cultura.sma.gob.ar\/index.php?rest_route=\/wp\/v2\/posts\/3674","targetHints":{"allow":["GET"]}}],"collection":[{"href":"https:\/\/cultura.sma.gob.ar\/index.php?rest_route=\/wp\/v2\/posts"}],"about":[{"href":"https:\/\/cultura.sma.gob.ar\/index.php?rest_route=\/wp\/v2\/types\/post"}],"author":[{"embeddable":true,"href":"https:\/\/cultura.sma.gob.ar\/index.php?rest_route=\/wp\/v2\/users\/1"}],"replies":[{"embeddable":true,"href":"https:\/\/cultura.sma.gob.ar\/index.php?rest_route=%2Fwp%2Fv2%2Fcomments&post=3674"}],"version-history":[{"count":2,"href":"https:\/\/cultura.sma.gob.ar\/index.php?rest_route=\/wp\/v2\/posts\/3674\/revisions"}],"predecessor-version":[{"id":3704,"href":"https:\/\/cultura.sma.gob.ar\/index.php?rest_route=\/wp\/v2\/posts\/3674\/revisions\/3704"}],"wp:featuredmedia":[{"embeddable":true,"href":"https:\/\/cultura.sma.gob.ar\/index.php?rest_route=\/wp\/v2\/media\/297"}],"wp:attachment":[{"href":"https:\/\/cultura.sma.gob.ar\/index.php?rest_route=%2Fwp%2Fv2%2Fmedia&parent=3674"}],"wp:term":[{"taxonomy":"category","embeddable":true,"href":"https:\/\/cultura.sma.gob.ar\/index.php?rest_route=%2Fwp%2Fv2%2Fcategories&post=3674"},{"taxonomy":"post_tag","embeddable":true,"href":"https:\/\/cultura.sma.gob.ar\/index.php?rest_route=%2Fwp%2Fv2%2Ftags&post=3674"}],"curies":[{"name":"wp","href":"https:\/\/api.w.org\/{rel}","templated":true}]}}