{"id":3666,"date":"2022-07-19T19:12:08","date_gmt":"2022-07-19T22:12:08","guid":{"rendered":"http:\/\/cultura.sma.gob.ar\/?p=3666"},"modified":"2022-08-07T16:53:06","modified_gmt":"2022-08-07T19:53:06","slug":"se-abren-las-inscripciones-para-el-concurso-de-hacheros-hacheras-hacheritos-motosierristas-y-sierras-corvina","status":"publish","type":"post","link":"https:\/\/cultura.sma.gob.ar\/?p=3666","title":{"rendered":"Se abren las inscripciones para el Concurso de hacheros, hacheras, hacheritos, motosierristas y sierras corvina (FINALIZADA)"},"content":{"rendered":"\n<figure class=\"wp-block-image size-large\"><img loading=\"lazy\" decoding=\"async\" width=\"720\" height=\"479\" src=\"http:\/\/cultura.sma.gob.ar\/wp-content\/uploads\/2022\/07\/hacheros.jpg\" alt=\"\" class=\"wp-image-3695\" srcset=\"https:\/\/cultura.sma.gob.ar\/wp-content\/uploads\/2022\/07\/hacheros.jpg 720w, https:\/\/cultura.sma.gob.ar\/wp-content\/uploads\/2022\/07\/hacheros-300x200.jpg 300w, https:\/\/cultura.sma.gob.ar\/wp-content\/uploads\/2022\/07\/hacheros-135x90.jpg 135w\" sizes=\"auto, (max-width: 720px) 100vw, 720px\" \/><\/figure>\n\n\n\n<p> Ya est\u00e1n abiertas las inscripciones para el tradicional Concurso de Hacheros de la Fiesta Nacional del Monta\u00f1\u00e9s , que en esta 41\u00aa edici\u00f3n volver\u00e1 a realizarse en la Avenida San Mart\u00edn, con sus cinco categor\u00edas de participaci\u00f3n: Hacheros, Hacheras, Hacheritos, Motosierristas y Sierra Corvina.<\/p>\n\n\n\n<p> El evento se llevar\u00e1 a cabo el domingo 14 de agosto. Nuevamente, residentes y turistas podr\u00e1n disfrutar de la \u00e9pica que reviste este encuentro que tanto caracteriza a la comunidad sanmartinense y que ya forma parte de nuestro acervo cultural. <\/p>\n\n\n\n<p> Las cinco categor\u00edas de participaci\u00f3n est\u00e1n destinadas a los siguientes competidores:<\/p>\n\n\n\n<p>&#8211; Hacheros: varones mayores de 15 a\u00f1os.<\/p>\n\n\n\n<p>&#8211; Hacheras: mujeres mayores de 15 a\u00f1os.<\/p>\n\n\n\n<p>&#8211; Hacheritos: varones y mujeres de 10 a 14 a\u00f1os.<\/p>\n\n\n\n<p>-Motosierristas: varones y mujeres mayores de 18 a\u00f1os.<\/p>\n\n\n\n<p>-Sierras Corvina: varones y mujeres mayores de 15 a\u00f1os.<\/p>\n\n\n\n<p>Las inscripciones estar\u00e1n abiertas desde el 21 de julio y hasta el 5 de agosto inclusive. Interesados e interesadas podr\u00e1n inscribirse de lunes a viernes, de 8 a 15 hs en la Secretar\u00eda de Cultura (Capit\u00e1n Drury 665), presentando DNI. <\/p>\n\n\n\n<p>Las personas menores de 18 a\u00f1os deber\u00e1n ser inscriptos e inscriptas por su padre, madre o tutor.<\/p>\n","protected":false},"excerpt":{"rendered":"<p>Ya est\u00e1n abiertas las inscripciones para el tradicional Concurso de Hacheros de la Fiesta Nacional del Monta\u00f1\u00e9s , que en esta 41\u00aa edici\u00f3n volver\u00e1 a realizarse en la Avenida San Mart\u00edn, con sus cinco categor\u00edas de participaci\u00f3n: Hacheros, Hacheras, Hacheritos, Motosierristas y Sierra Corvina. El evento se llevar\u00e1 a cabo el domingo 14 de agosto. Nuevamente, residentes y turistas podr\u00e1n disfrutar de la \u00e9pica que &hellip; <a href=\"https:\/\/cultura.sma.gob.ar\/?p=3666\" class=\"more-link\">Continue reading <span class=\"screen-reader-text\">Se abren las inscripciones para el Concurso de hacheros, hacheras, hacheritos, motosierristas y sierras corvina (FINALIZADA)<\/span><\/a><\/p>\n","protected":false},"author":1,"featured_media":293,"comment_status":"closed","ping_status":"closed","sticky":false,"template":"","format":"image","meta":{"footnotes":""},"categories":[3,9],"tags":[],"class_list":["post-3666","post","type-post","status-publish","format-image","has-post-thumbnail","hentry","category-eventos-cultura","category-ultimas-noticias","post_format-post-format-image"],"_links":{"self":[{"href":"https:\/\/cultura.sma.gob.ar\/index.php?rest_route=\/wp\/v2\/posts\/3666","targetHints":{"allow":["GET"]}}],"collection":[{"href":"https:\/\/cultura.sma.gob.ar\/index.php?rest_route=\/wp\/v2\/posts"}],"about":[{"href":"https:\/\/cultura.sma.gob.ar\/index.php?rest_route=\/wp\/v2\/types\/post"}],"author":[{"embeddable":true,"href":"https:\/\/cultura.sma.gob.ar\/index.php?rest_route=\/wp\/v2\/users\/1"}],"replies":[{"embeddable":true,"href":"https:\/\/cultura.sma.gob.ar\/index.php?rest_route=%2Fwp%2Fv2%2Fcomments&post=3666"}],"version-history":[{"count":3,"href":"https:\/\/cultura.sma.gob.ar\/index.php?rest_route=\/wp\/v2\/posts\/3666\/revisions"}],"predecessor-version":[{"id":3739,"href":"https:\/\/cultura.sma.gob.ar\/index.php?rest_route=\/wp\/v2\/posts\/3666\/revisions\/3739"}],"wp:featuredmedia":[{"embeddable":true,"href":"https:\/\/cultura.sma.gob.ar\/index.php?rest_route=\/wp\/v2\/media\/293"}],"wp:attachment":[{"href":"https:\/\/cultura.sma.gob.ar\/index.php?rest_route=%2Fwp%2Fv2%2Fmedia&parent=3666"}],"wp:term":[{"taxonomy":"category","embeddable":true,"href":"https:\/\/cultura.sma.gob.ar\/index.php?rest_route=%2Fwp%2Fv2%2Fcategories&post=3666"},{"taxonomy":"post_tag","embeddable":true,"href":"https:\/\/cultura.sma.gob.ar\/index.php?rest_route=%2Fwp%2Fv2%2Ftags&post=3666"}],"curies":[{"name":"wp","href":"https:\/\/api.w.org\/{rel}","templated":true}]}}