{"id":3659,"date":"2022-07-17T20:41:58","date_gmt":"2022-07-17T23:41:58","guid":{"rendered":"http:\/\/cultura.sma.gob.ar\/?p=3659"},"modified":"2022-07-17T20:41:58","modified_gmt":"2022-07-17T23:41:58","slug":"johnny-june-pasion-y-locura-en-temporada-de-proyecciones-a-la-gorra","status":"publish","type":"post","link":"https:\/\/cultura.sma.gob.ar\/?p=3659","title":{"rendered":"\u201cJohnny &#038; June &#8211; Pasi\u00f3n y Locura\u201d, en &#8221;Temporada de Proyecciones a la gorra&#8221;"},"content":{"rendered":"\n<figure class=\"wp-block-image size-large\"><img loading=\"lazy\" decoding=\"async\" width=\"506\" height=\"713\" src=\"http:\/\/cultura.sma.gob.ar\/wp-content\/uploads\/2022\/07\/Johnny-June-vertical.jpg\" alt=\"\" class=\"wp-image-3660\" srcset=\"https:\/\/cultura.sma.gob.ar\/wp-content\/uploads\/2022\/07\/Johnny-June-vertical.jpg 506w, https:\/\/cultura.sma.gob.ar\/wp-content\/uploads\/2022\/07\/Johnny-June-vertical-213x300.jpg 213w, https:\/\/cultura.sma.gob.ar\/wp-content\/uploads\/2022\/07\/Johnny-June-vertical-64x90.jpg 64w\" sizes=\"auto, (max-width: 506px) 100vw, 506px\" \/><\/figure>\n\n\n\n<p>El jueves, 21 de Julio a las 20:30hs en la Sala G\u00fcnther Blaas del Centro Cultural Cotesma, continuamos con la 6ta. Temporada de Proyecciones a la gorra. Como los a\u00f1os anteriores, la programaci\u00f3n y la presentaci\u00f3n est\u00e1 a cargo de Guillermo Ianniello, este a\u00f1o a beneficio del Club de Leones San Mart\u00edn de los Andes \u2013 Chapelco.<br>Continuando con el Ciclo N\u00b034 (Cuarto de este a\u00f1o), titulado \u201cIDOLOS MUSICALES EN LA PANTALLA\u201d, se proyectar\u00e1 \u201cJOHNNY &amp; JUNE \u2013 PASI\u00d3N Y LOCURA\u201d dirigida por James Mangold y protagonizada por Joaquin Phoenix, Reese Witherspoon y Robert Patrick.<\/p>\n\n\n\n<p><strong>\u201cJohnny &amp; June &#8211; Pasi\u00f3n y Locura\u201d<\/strong>. (2005-Color)<br>El director James Mangold ten\u00eda un dif\u00edcil reto ante s\u00ed. Llevar a la gran pantalla una proyecci\u00f3n biogr\u00e1fica del inimitable Johnny Cash sin morir en el intento.<br>Y lo logr\u00f3 con creces ofreciendo como resultado una interesant\u00edsima pel\u00edcula que retrata los primeros a\u00f1os de vida del magistral cantante de country, gospel y rock &amp; roll, seguidos de las dificultades que atraves\u00f3 para abrirse camino en el dif\u00edcil terreno de la m\u00fasica y analizando posteriormente su salto a la fama.<\/p>\n\n\n\n<p>Con un gui\u00f3n milim\u00e9tricamente pensado para conmover, hacer re\u00edr y emocionar al espectador, esta obra nos regala una memorable interpretaci\u00f3n de Joaqu\u00edn Phoenix y otra magn\u00edfica de Reese Witherspoon. \u00a1Ambos cantando los temas originales sin ser doblados!<\/p>\n\n\n\n<p>Y nos recuerda la irreprochable y valiosa aportaci\u00f3n a la historia de la m\u00fasica de \u201cSun Records\u201d con Elvis Presley, Carl Perkins, Roy Orbinson, Jerry Lee Lewis y Johnny Cash entre muchos otros.<\/p>\n\n\n\n<p>La fotograf\u00eda se apoya en una coreograf\u00eda austera y muy cuidada, y desarrolla una narraci\u00f3n visual potente y briosa, apoyada en efectos digitales.<br>El libro, trabajado con tiempo y laboriosidad, muestra una imagen humana y natural del artista. Un film altamente recomendable.<\/p>\n\n\n\n<p>Duraci\u00f3n: 2 hs. 16\u2019.<br>*****************************************************************************************<br><strong>Este Ciclo tambi\u00e9n comprende la siguiente pel\u00edcula:<\/strong>28 de Julio: Nace una Estrella (Lady Gaga y Bradley Cooper en un film inolvidable)<\/p>\n","protected":false},"excerpt":{"rendered":"<p>El jueves, 21 de Julio a las 20:30hs en la Sala G\u00fcnther Blaas del Centro Cultural Cotesma, continuamos con la 6ta. Temporada de Proyecciones a la gorra. Como los a\u00f1os anteriores, la programaci\u00f3n y la presentaci\u00f3n est\u00e1 a cargo de Guillermo Ianniello, este a\u00f1o a beneficio del Club de Leones San Mart\u00edn de los Andes \u2013 Chapelco.Continuando con el Ciclo N\u00b034 (Cuarto de este a\u00f1o), &hellip; <a href=\"https:\/\/cultura.sma.gob.ar\/?p=3659\" class=\"more-link\">Continue reading <span class=\"screen-reader-text\">\u201cJohnny &#038; June &#8211; Pasi\u00f3n y Locura\u201d, en &#8221;Temporada de Proyecciones a la gorra&#8221;<\/span><\/a><\/p>\n","protected":false},"author":1,"featured_media":297,"comment_status":"closed","ping_status":"","sticky":false,"template":"","format":"image","meta":{"footnotes":""},"categories":[2,9],"tags":[],"class_list":["post-3659","post","type-post","status-publish","format-image","has-post-thumbnail","hentry","category-ciudad-cultural","category-ultimas-noticias","post_format-post-format-image"],"_links":{"self":[{"href":"https:\/\/cultura.sma.gob.ar\/index.php?rest_route=\/wp\/v2\/posts\/3659","targetHints":{"allow":["GET"]}}],"collection":[{"href":"https:\/\/cultura.sma.gob.ar\/index.php?rest_route=\/wp\/v2\/posts"}],"about":[{"href":"https:\/\/cultura.sma.gob.ar\/index.php?rest_route=\/wp\/v2\/types\/post"}],"author":[{"embeddable":true,"href":"https:\/\/cultura.sma.gob.ar\/index.php?rest_route=\/wp\/v2\/users\/1"}],"replies":[{"embeddable":true,"href":"https:\/\/cultura.sma.gob.ar\/index.php?rest_route=%2Fwp%2Fv2%2Fcomments&post=3659"}],"version-history":[{"count":1,"href":"https:\/\/cultura.sma.gob.ar\/index.php?rest_route=\/wp\/v2\/posts\/3659\/revisions"}],"predecessor-version":[{"id":3661,"href":"https:\/\/cultura.sma.gob.ar\/index.php?rest_route=\/wp\/v2\/posts\/3659\/revisions\/3661"}],"wp:featuredmedia":[{"embeddable":true,"href":"https:\/\/cultura.sma.gob.ar\/index.php?rest_route=\/wp\/v2\/media\/297"}],"wp:attachment":[{"href":"https:\/\/cultura.sma.gob.ar\/index.php?rest_route=%2Fwp%2Fv2%2Fmedia&parent=3659"}],"wp:term":[{"taxonomy":"category","embeddable":true,"href":"https:\/\/cultura.sma.gob.ar\/index.php?rest_route=%2Fwp%2Fv2%2Fcategories&post=3659"},{"taxonomy":"post_tag","embeddable":true,"href":"https:\/\/cultura.sma.gob.ar\/index.php?rest_route=%2Fwp%2Fv2%2Ftags&post=3659"}],"curies":[{"name":"wp","href":"https:\/\/api.w.org\/{rel}","templated":true}]}}