{"id":3656,"date":"2022-07-17T20:39:08","date_gmt":"2022-07-17T23:39:08","guid":{"rendered":"http:\/\/cultura.sma.gob.ar\/?p=3656"},"modified":"2022-07-17T20:39:08","modified_gmt":"2022-07-17T23:39:08","slug":"raiz-andina-de-la-agrupacion-de-danzas-andinas-kaypacha","status":"publish","type":"post","link":"https:\/\/cultura.sma.gob.ar\/?p=3656","title":{"rendered":"&#8221;Ra\u00edz Andina&#8221; de la Agrupaci\u00f3n de Danzas Andinas Kaypacha."},"content":{"rendered":"\n<figure class=\"wp-block-image size-large\"><img loading=\"lazy\" decoding=\"async\" width=\"724\" height=\"1024\" src=\"http:\/\/cultura.sma.gob.ar\/wp-content\/uploads\/2022\/07\/Flyer-Kaypacha-13-8-724x1024.jpeg\" alt=\"\" class=\"wp-image-3657\" srcset=\"https:\/\/cultura.sma.gob.ar\/wp-content\/uploads\/2022\/07\/Flyer-Kaypacha-13-8-724x1024.jpeg 724w, https:\/\/cultura.sma.gob.ar\/wp-content\/uploads\/2022\/07\/Flyer-Kaypacha-13-8-212x300.jpeg 212w, https:\/\/cultura.sma.gob.ar\/wp-content\/uploads\/2022\/07\/Flyer-Kaypacha-13-8-768x1087.jpeg 768w, https:\/\/cultura.sma.gob.ar\/wp-content\/uploads\/2022\/07\/Flyer-Kaypacha-13-8-64x90.jpeg 64w, https:\/\/cultura.sma.gob.ar\/wp-content\/uploads\/2022\/07\/Flyer-Kaypacha-13-8.jpeg 793w\" sizes=\"auto, (max-width: 724px) 100vw, 724px\" \/><\/figure>\n\n\n\n<p>El pr\u00f3ximo s\u00e1bado, 13 de agosto a las 20hs en la Sala Amankay, vamos a disfrutar \u201cRA\u00cdZ ANDINA\u201d, el imperdible espect\u00e1culo colectivo organizado por la Agrupaci\u00f3n de Danzas Andinas Kaypacha.<\/p>\n\n\n\n<p>\u201cRA\u00cdZ ANDINA\u201d es un viaje profundo a las ra\u00edces, a las tradiciones ancestrales, herencia de los pueblos originarios.<br>Ser\u00e1 mediante la danza, la m\u00fasica y la poes\u00eda que se celebrar\u00e1 el encuentro, el despertar de este momento en d\u00f3nde la humanidad y la madre tierra se vuelven una sola cosa. Momento en d\u00f3nde todo se activa para ser revisado, repensado y re-sentido.<br>En esa noche, se celebrar\u00e1 junto al p\u00fablico la cultura de ser parte de un todo.<\/p>\n\n\n\n<p>Participar\u00e1n de&nbsp;<em>\u201cRa\u00edz Andina.\u201d<br><\/em>Danza:<br>-Agrupaci\u00f3n de Danzas Andinas KAYPACHA (presentaran cuadros de: Huayno y Diablada, Saya Afroboliviana, Tundiqui y Caporal, Jula-Jula y Tinku).<br>M\u00fasica:<br>-Grupo SurAndes<br>-Guille Valeriano y Daniel Olivares<br>-Banda de Sikuris de Musicantes<br>Poes\u00eda y coplas:<br>-Guadalupe Guevara y Ayel\u00e9n Mart\u00ednez<\/p>\n\n\n\n<p>Duraci\u00f3n: 2 horas.<br>Entrada General $800, en venta en la boleteria del Centro Cultural Cotesma.<\/p>\n","protected":false},"excerpt":{"rendered":"<p>El pr\u00f3ximo s\u00e1bado, 13 de agosto a las 20hs en la Sala Amankay, vamos a disfrutar \u201cRA\u00cdZ ANDINA\u201d, el imperdible espect\u00e1culo colectivo organizado por la Agrupaci\u00f3n de Danzas Andinas Kaypacha. \u201cRA\u00cdZ ANDINA\u201d es un viaje profundo a las ra\u00edces, a las tradiciones ancestrales, herencia de los pueblos originarios.Ser\u00e1 mediante la danza, la m\u00fasica y la poes\u00eda que se celebrar\u00e1 el encuentro, el despertar de este &hellip; <a href=\"https:\/\/cultura.sma.gob.ar\/?p=3656\" class=\"more-link\">Continue reading <span class=\"screen-reader-text\">&#8221;Ra\u00edz Andina&#8221; de la Agrupaci\u00f3n de Danzas Andinas Kaypacha.<\/span><\/a><\/p>\n","protected":false},"author":1,"featured_media":297,"comment_status":"closed","ping_status":"","sticky":false,"template":"","format":"image","meta":{"footnotes":""},"categories":[2,9],"tags":[],"class_list":["post-3656","post","type-post","status-publish","format-image","has-post-thumbnail","hentry","category-ciudad-cultural","category-ultimas-noticias","post_format-post-format-image"],"_links":{"self":[{"href":"https:\/\/cultura.sma.gob.ar\/index.php?rest_route=\/wp\/v2\/posts\/3656","targetHints":{"allow":["GET"]}}],"collection":[{"href":"https:\/\/cultura.sma.gob.ar\/index.php?rest_route=\/wp\/v2\/posts"}],"about":[{"href":"https:\/\/cultura.sma.gob.ar\/index.php?rest_route=\/wp\/v2\/types\/post"}],"author":[{"embeddable":true,"href":"https:\/\/cultura.sma.gob.ar\/index.php?rest_route=\/wp\/v2\/users\/1"}],"replies":[{"embeddable":true,"href":"https:\/\/cultura.sma.gob.ar\/index.php?rest_route=%2Fwp%2Fv2%2Fcomments&post=3656"}],"version-history":[{"count":1,"href":"https:\/\/cultura.sma.gob.ar\/index.php?rest_route=\/wp\/v2\/posts\/3656\/revisions"}],"predecessor-version":[{"id":3658,"href":"https:\/\/cultura.sma.gob.ar\/index.php?rest_route=\/wp\/v2\/posts\/3656\/revisions\/3658"}],"wp:featuredmedia":[{"embeddable":true,"href":"https:\/\/cultura.sma.gob.ar\/index.php?rest_route=\/wp\/v2\/media\/297"}],"wp:attachment":[{"href":"https:\/\/cultura.sma.gob.ar\/index.php?rest_route=%2Fwp%2Fv2%2Fmedia&parent=3656"}],"wp:term":[{"taxonomy":"category","embeddable":true,"href":"https:\/\/cultura.sma.gob.ar\/index.php?rest_route=%2Fwp%2Fv2%2Fcategories&post=3656"},{"taxonomy":"post_tag","embeddable":true,"href":"https:\/\/cultura.sma.gob.ar\/index.php?rest_route=%2Fwp%2Fv2%2Ftags&post=3656"}],"curies":[{"name":"wp","href":"https:\/\/api.w.org\/{rel}","templated":true}]}}