{"id":3644,"date":"2022-07-15T10:43:29","date_gmt":"2022-07-15T13:43:29","guid":{"rendered":"http:\/\/cultura.sma.gob.ar\/?p=3644"},"modified":"2022-08-28T16:00:49","modified_gmt":"2022-08-28T19:00:49","slug":"1o-congreso-de-patrimonio-cultural-de-san-martin-de-los-andes-invitacion-a-enviar-propuestas-y-comunicaciones","status":"publish","type":"post","link":"https:\/\/cultura.sma.gob.ar\/?p=3644","title":{"rendered":"1\u00ba CONGRESO DE PATRIMONIO CULTURAL DE SAN MART\u00cdN DE LOS ANDES: Invitaci\u00f3n a enviar propuestas y comunicaciones (FINALIZADA)"},"content":{"rendered":"\n<figure class=\"wp-block-image size-large\"><img loading=\"lazy\" decoding=\"async\" width=\"1000\" height=\"1000\" src=\"http:\/\/cultura.sma.gob.ar\/wp-content\/uploads\/2022\/07\/patrimonio-final-01.jpg\" alt=\"\" class=\"wp-image-3647\" srcset=\"https:\/\/cultura.sma.gob.ar\/wp-content\/uploads\/2022\/07\/patrimonio-final-01.jpg 1000w, https:\/\/cultura.sma.gob.ar\/wp-content\/uploads\/2022\/07\/patrimonio-final-01-300x300.jpg 300w, https:\/\/cultura.sma.gob.ar\/wp-content\/uploads\/2022\/07\/patrimonio-final-01-150x150.jpg 150w, https:\/\/cultura.sma.gob.ar\/wp-content\/uploads\/2022\/07\/patrimonio-final-01-768x768.jpg 768w, https:\/\/cultura.sma.gob.ar\/wp-content\/uploads\/2022\/07\/patrimonio-final-01-90x90.jpg 90w\" sizes=\"auto, (max-width: 1000px) 100vw, 1000px\" \/><\/figure>\n\n\n\n<p>La Secretar\u00eda de Cultura y Educaci\u00f3n, a trav\u00e9s del Departamento de Patrimonio Hist\u00f3rico y Ciencias, invita a la comunidad a participar en la programaci\u00f3n del 1\u00ba Congreso de Patrimonio Cultural de San Mart\u00edn de los Andes, que se realizar\u00e1 el 8, 9 y 10 de setiembre de 2022, en esta ciudad.<\/p>\n\n\n\n<p>El 1\u00ba Congreso de Patrimonio Cultural de San Mart\u00edn de los Andes propone generar instancias de participaci\u00f3n ciudadana para incorporar bienes tangibles e intangibles a las categor\u00edas de patrimonio cultural que contempla la nueva Ordenanza de Patrimonio Cultural, sancionada este a\u00f1o.<\/p>\n\n\n\n<p>Quienes deseen postularse para participar en la programaci\u00f3n pueden hacerlo enviando propuestas o comunicaciones, las que luego ser\u00e1n consideradas por un comit\u00e9 acad\u00e9mico. <\/p>\n\n\n\n<p><strong>Propuestas<\/strong><\/p>\n\n\n\n<p>Se consideran propuestas a las presentaciones escritas que promuevan la incorporaci\u00f3n de uno o m\u00e1s bienes al Registro Municipal de Patrimonio Cultural de San Mart\u00edn de los Andes. Pueden ser presentadas por cualquier vecina o vecino que posea una residencia m\u00ednima de 5 a\u00f1os en la ciudad. Las propuestas admitidas ser\u00e1n expuestas durante el congreso.<\/p>\n\n\n\n<p><strong>Comunicaciones<\/strong><\/p>\n\n\n\n<p>Se consideran comunicaciones a las presentaciones escritas que se refieran aproblemas espec\u00edficos, experiencias de abordaje y resultados o investigaciones en curso, afines a la identificaci\u00f3n, protecci\u00f3n y preservaci\u00f3n del patrimonio cultural. Estas comunicaciones pueden tener alcance local o nacional. Las comunicaciones admitidas ser\u00e1n expuestas en el congreso. Pueden ser presentadas por profesionales de cualquier ciudad.<\/p>\n\n\n\n<p>La fecha l\u00edmite para presentar propuestas o comunicaciones es el 12 de agosto de 2022.<\/p>\n\n\n\n<p>Para m\u00e1s informaci\u00f3n sobre el congreso y sobre la modalidad de presentaci\u00f3n de las propuestas y comunicaciones, dirigirse por tel\u00e9fono llamando al 412306 \u00f3 al 413909. Tambi\u00e9n por mail escribiendo a congresoculturalsma@gmail.com  <\/p>\n\n\n\n<p>Para m\u00e1s detalles e informaci\u00f3n, podes ingresar al siguiente link:  <a href=\"https:\/\/drive.google.com\/file\/d\/1GozIII7K3JkKD5Iyu1NsfhLwt_3tyWB8\/view?usp=sharing\" data-type=\"URL\" data-id=\"https:\/\/drive.google.com\/file\/d\/1GozIII7K3JkKD5Iyu1NsfhLwt_3tyWB8\/view?usp=sharing\">https:\/\/drive.google.com\/file\/d\/1GozIII7K3JkKD5Iyu1NsfhLwt_3tyWB8\/view?usp=sharing<\/a><\/p>\n\n\n\n<p><\/p>\n","protected":false},"excerpt":{"rendered":"<p>La Secretar\u00eda de Cultura y Educaci\u00f3n, a trav\u00e9s del Departamento de Patrimonio Hist\u00f3rico y Ciencias, invita a la comunidad a participar en la programaci\u00f3n del 1\u00ba Congreso de Patrimonio Cultural de San Mart\u00edn de los Andes, que se realizar\u00e1 el 8, 9 y 10 de setiembre de 2022, en esta ciudad. El 1\u00ba Congreso de Patrimonio Cultural de San Mart\u00edn de los Andes propone generar &hellip; <a href=\"https:\/\/cultura.sma.gob.ar\/?p=3644\" class=\"more-link\">Continue reading <span class=\"screen-reader-text\">1\u00ba CONGRESO DE PATRIMONIO CULTURAL DE SAN MART\u00cdN DE LOS ANDES: Invitaci\u00f3n a enviar propuestas y comunicaciones (FINALIZADA)<\/span><\/a><\/p>\n","protected":false},"author":1,"featured_media":294,"comment_status":"closed","ping_status":"","sticky":false,"template":"","format":"image","meta":{"footnotes":""},"categories":[5,9],"tags":[],"class_list":["post-3644","post","type-post","status-publish","format-image","has-post-thumbnail","hentry","category-patrimonio-cultural","category-ultimas-noticias","post_format-post-format-image"],"_links":{"self":[{"href":"https:\/\/cultura.sma.gob.ar\/index.php?rest_route=\/wp\/v2\/posts\/3644","targetHints":{"allow":["GET"]}}],"collection":[{"href":"https:\/\/cultura.sma.gob.ar\/index.php?rest_route=\/wp\/v2\/posts"}],"about":[{"href":"https:\/\/cultura.sma.gob.ar\/index.php?rest_route=\/wp\/v2\/types\/post"}],"author":[{"embeddable":true,"href":"https:\/\/cultura.sma.gob.ar\/index.php?rest_route=\/wp\/v2\/users\/1"}],"replies":[{"embeddable":true,"href":"https:\/\/cultura.sma.gob.ar\/index.php?rest_route=%2Fwp%2Fv2%2Fcomments&post=3644"}],"version-history":[{"count":7,"href":"https:\/\/cultura.sma.gob.ar\/index.php?rest_route=\/wp\/v2\/posts\/3644\/revisions"}],"predecessor-version":[{"id":3840,"href":"https:\/\/cultura.sma.gob.ar\/index.php?rest_route=\/wp\/v2\/posts\/3644\/revisions\/3840"}],"wp:featuredmedia":[{"embeddable":true,"href":"https:\/\/cultura.sma.gob.ar\/index.php?rest_route=\/wp\/v2\/media\/294"}],"wp:attachment":[{"href":"https:\/\/cultura.sma.gob.ar\/index.php?rest_route=%2Fwp%2Fv2%2Fmedia&parent=3644"}],"wp:term":[{"taxonomy":"category","embeddable":true,"href":"https:\/\/cultura.sma.gob.ar\/index.php?rest_route=%2Fwp%2Fv2%2Fcategories&post=3644"},{"taxonomy":"post_tag","embeddable":true,"href":"https:\/\/cultura.sma.gob.ar\/index.php?rest_route=%2Fwp%2Fv2%2Ftags&post=3644"}],"curies":[{"name":"wp","href":"https:\/\/api.w.org\/{rel}","templated":true}]}}