{"id":3630,"date":"2022-07-12T20:06:05","date_gmt":"2022-07-12T23:06:05","guid":{"rendered":"http:\/\/cultura.sma.gob.ar\/?p=3630"},"modified":"2022-07-12T20:06:05","modified_gmt":"2022-07-12T23:06:05","slug":"presentacion-del-libro-el-metodo-lorca","status":"publish","type":"post","link":"https:\/\/cultura.sma.gob.ar\/?p=3630","title":{"rendered":"Presentaci\u00f3n del libro &#8220;El m\u00e9todo Lorca&#8221;"},"content":{"rendered":"\n<figure class=\"wp-block-image size-large\"><img loading=\"lazy\" decoding=\"async\" width=\"723\" height=\"1024\" src=\"http:\/\/cultura.sma.gob.ar\/wp-content\/uploads\/2022\/07\/Flyer-Presentacion-EL-METODO-LORCA-723x1024.jpg\" alt=\"\" class=\"wp-image-3631\" srcset=\"https:\/\/cultura.sma.gob.ar\/wp-content\/uploads\/2022\/07\/Flyer-Presentacion-EL-METODO-LORCA-723x1024.jpg 723w, https:\/\/cultura.sma.gob.ar\/wp-content\/uploads\/2022\/07\/Flyer-Presentacion-EL-METODO-LORCA-212x300.jpg 212w, https:\/\/cultura.sma.gob.ar\/wp-content\/uploads\/2022\/07\/Flyer-Presentacion-EL-METODO-LORCA-768x1087.jpg 768w, https:\/\/cultura.sma.gob.ar\/wp-content\/uploads\/2022\/07\/Flyer-Presentacion-EL-METODO-LORCA-64x90.jpg 64w, https:\/\/cultura.sma.gob.ar\/wp-content\/uploads\/2022\/07\/Flyer-Presentacion-EL-METODO-LORCA.jpg 904w\" sizes=\"auto, (max-width: 723px) 100vw, 723px\" \/><\/figure>\n\n\n\n<p>El pr\u00f3ximo s\u00e1bado, 06 de agosto, a las 16:30hs, en la G\u00fcnther Blaas del Centro Cultural Cotesma, compartiremos la presentaci\u00f3n de un nuevo libro. La Sensei 4to Dan Graciela Lorca presenta \u201cEL METODO LORCA\u201d.<br><br><em>\u00bfPor qu\u00e9 y para qu\u00e9 leer&nbsp;<u>El m\u00e9todo Lorca<\/u>?<br><\/em>Por una raz\u00f3n SENCILLA: Por y para la vida<br><br><em>\u00bfCon qu\u00e9 nos vamos a encontrar cuando leamos&nbsp;<u>El m\u00e9todo Lorca<\/u>?<br><\/em>Con palabras SENCILLAS pero llenas de profundidad.<br><br><em>\u00bfQu\u00e9 sentido tienen las palabras de&nbsp;<u>El m\u00e9todo Lorca<\/u>?<br><\/em>Razones SENCILLAS:<\/p>\n\n\n\n<ul class=\"wp-block-list\"><li>Las de compartir una historia de vida de una persona com\u00fan, Graciela, que supo caerse y levantarse y caerse y levantarse y volver a caerse y volver a levantarse.<\/li><li>Las de compartir una suerte de sabidur\u00eda de vida que ense\u00f1a a que del dolor se aprende, se capitaliza, se puede cicatrizar y hacer experiencia.<\/li><li>Las de compartir la fuerza de voluntad y la lucha por sanar, por superar sin lamentar.<\/li><li>Las de compartir la posibilidad de resignificar lo ocurrido y aprender a transformarlo.<\/li><li>Las de compartir que con tenacidad, convicci\u00f3n y objetivos claros SE PUEDE a pesar de todos los obst\u00e1culos de la vida.<\/li><li>Las de compartir un agradecimiento personal: el de Graciela para el Karate. S\u00ed! Porque esta disciplina la acompa\u00f1\u00f3 y la acompa\u00f1a en todo este recorrido, porque esta disciplina la ayud\u00f3 a reconstruirse, porque esta disciplina le devolvi\u00f3 el equilibrio que pens\u00f3 alguna vez haber perdido.<br><br><em>\u00bfQu\u00e9 es&nbsp;<u>El m\u00e9todo Lorca<\/u>?<br><\/em>Dos cosas SENCILLAS<\/li><\/ul>\n\n\n\n<ul class=\"wp-block-list\"><li>Conocer qu\u00e9 fue lo que llev\u00f3 a Graciela a crear estas p\u00e1ginas, qui\u00e9n es ella, como se \u201crompi\u00f3\u201d y c\u00f3mo se reconstruy\u00f3 a\u00fan lejos de sus ra\u00edces, a\u00fan teniendo m\u00e1s que perder que ganar.<\/li><li>Un desarrollo SENCILLO de una pr\u00e1ctica, su m\u00e9todo: El equilibro MENTE \/ CUERPO, el desarrollo de una serie de ejercicios que recorren todo el cuerpo de la cabeza a los pies para poder encontrarnos con nosotros mismos, con nuestro eje, con eso que de verdad somos.<\/li><\/ul>\n\n\n\n<p><em>\u201cAs\u00ed de SENCILLO\u2026 En esta palabra se resume lo profundo y genuino de un sue\u00f1o que hoy es realidad y que ojal\u00e1 todos podamos tener cerca y a mano en esos momentos en los que creemos que nada de lo que nos sucede es realmente sencillo.<br>Los invitamos a compartir la presentaci\u00f3n de estas p\u00e1ginas sencillas para hace m\u00e1s sencilla nuestra vida\u201d.<\/em><\/p>\n","protected":false},"excerpt":{"rendered":"<p>El pr\u00f3ximo s\u00e1bado, 06 de agosto, a las 16:30hs, en la G\u00fcnther Blaas del Centro Cultural Cotesma, compartiremos la presentaci\u00f3n de un nuevo libro. La Sensei 4to Dan Graciela Lorca presenta \u201cEL METODO LORCA\u201d. \u00bfPor qu\u00e9 y para qu\u00e9 leer&nbsp;El m\u00e9todo Lorca?Por una raz\u00f3n SENCILLA: Por y para la vida \u00bfCon qu\u00e9 nos vamos a encontrar cuando leamos&nbsp;El m\u00e9todo Lorca?Con palabras SENCILLAS pero llenas de &hellip; <a href=\"https:\/\/cultura.sma.gob.ar\/?p=3630\" class=\"more-link\">Continue reading <span class=\"screen-reader-text\">Presentaci\u00f3n del libro &#8220;El m\u00e9todo Lorca&#8221;<\/span><\/a><\/p>\n","protected":false},"author":1,"featured_media":297,"comment_status":"closed","ping_status":"","sticky":false,"template":"","format":"image","meta":{"footnotes":""},"categories":[2,9],"tags":[],"class_list":["post-3630","post","type-post","status-publish","format-image","has-post-thumbnail","hentry","category-ciudad-cultural","category-ultimas-noticias","post_format-post-format-image"],"_links":{"self":[{"href":"https:\/\/cultura.sma.gob.ar\/index.php?rest_route=\/wp\/v2\/posts\/3630","targetHints":{"allow":["GET"]}}],"collection":[{"href":"https:\/\/cultura.sma.gob.ar\/index.php?rest_route=\/wp\/v2\/posts"}],"about":[{"href":"https:\/\/cultura.sma.gob.ar\/index.php?rest_route=\/wp\/v2\/types\/post"}],"author":[{"embeddable":true,"href":"https:\/\/cultura.sma.gob.ar\/index.php?rest_route=\/wp\/v2\/users\/1"}],"replies":[{"embeddable":true,"href":"https:\/\/cultura.sma.gob.ar\/index.php?rest_route=%2Fwp%2Fv2%2Fcomments&post=3630"}],"version-history":[{"count":1,"href":"https:\/\/cultura.sma.gob.ar\/index.php?rest_route=\/wp\/v2\/posts\/3630\/revisions"}],"predecessor-version":[{"id":3632,"href":"https:\/\/cultura.sma.gob.ar\/index.php?rest_route=\/wp\/v2\/posts\/3630\/revisions\/3632"}],"wp:featuredmedia":[{"embeddable":true,"href":"https:\/\/cultura.sma.gob.ar\/index.php?rest_route=\/wp\/v2\/media\/297"}],"wp:attachment":[{"href":"https:\/\/cultura.sma.gob.ar\/index.php?rest_route=%2Fwp%2Fv2%2Fmedia&parent=3630"}],"wp:term":[{"taxonomy":"category","embeddable":true,"href":"https:\/\/cultura.sma.gob.ar\/index.php?rest_route=%2Fwp%2Fv2%2Fcategories&post=3630"},{"taxonomy":"post_tag","embeddable":true,"href":"https:\/\/cultura.sma.gob.ar\/index.php?rest_route=%2Fwp%2Fv2%2Ftags&post=3630"}],"curies":[{"name":"wp","href":"https:\/\/api.w.org\/{rel}","templated":true}]}}