{"id":3626,"date":"2022-07-12T20:03:35","date_gmt":"2022-07-12T23:03:35","guid":{"rendered":"http:\/\/cultura.sma.gob.ar\/?p=3626"},"modified":"2022-07-12T20:03:35","modified_gmt":"2022-07-12T23:03:35","slug":"la-compania-nuevos-aires-tango-presenta-vuelvo-al-sur","status":"publish","type":"post","link":"https:\/\/cultura.sma.gob.ar\/?p=3626","title":{"rendered":"La Compa\u00f1\u00eda Nuevos Aires Tango presenta: \u201cVuelvo al Sur\u201d"},"content":{"rendered":"\n<figure class=\"wp-block-image size-large\"><img loading=\"lazy\" decoding=\"async\" width=\"700\" height=\"700\" src=\"http:\/\/cultura.sma.gob.ar\/wp-content\/uploads\/2022\/07\/Nuevos-Aires-Tango-Flyer-FEED-Baja.jpg\" alt=\"\" class=\"wp-image-3627\" srcset=\"https:\/\/cultura.sma.gob.ar\/wp-content\/uploads\/2022\/07\/Nuevos-Aires-Tango-Flyer-FEED-Baja.jpg 700w, https:\/\/cultura.sma.gob.ar\/wp-content\/uploads\/2022\/07\/Nuevos-Aires-Tango-Flyer-FEED-Baja-300x300.jpg 300w, https:\/\/cultura.sma.gob.ar\/wp-content\/uploads\/2022\/07\/Nuevos-Aires-Tango-Flyer-FEED-Baja-150x150.jpg 150w, https:\/\/cultura.sma.gob.ar\/wp-content\/uploads\/2022\/07\/Nuevos-Aires-Tango-Flyer-FEED-Baja-90x90.jpg 90w\" sizes=\"auto, (max-width: 700px) 100vw, 700px\" \/><\/figure>\n\n\n\n<p>El pr\u00f3ximo mi\u00e9rcoles 03 de agosto a las 21:30hs, la Compa\u00f1\u00eda Nuevos Aires Tango presenta su nuevo Show: \u201cVUELVO AL SUR\u201d.<br>Imperdible propuesta \u00a1\u00danica funci\u00f3n en San Mart\u00edn de los Andes!.<\/p>\n\n\n\n<p>\u201cVuelvo al Sur\u201d es un espect\u00e1culo de tango pensado tanto para los amantes del Tango como para el p\u00fablico general.<br>Dirigido&nbsp; y realizado por Artistas de trayectoria internacional.<br>Diez Artistas en escena en un espect\u00e1culo moderno, din\u00e1mico, lleno de pasi\u00f3n y elegancia.<br>Es un recorrido por las mejores \u00e9pocas del Tango que te va a emocionar y hacer vibrar el verdadero tango argentino.<\/p>\n\n\n\n<p>Sobre la Compa\u00f1\u00eda:<br>Somos la fusi\u00f3n de dos compa\u00f1\u00edas de danza platenses: \u201cBravo Tango\u201d bajo la direcci\u00f3n de Marcos Huertas y \u201cBoedo Tango\u201d bajo la direcci\u00f3n de Agust\u00edn Tornaquindici. Ambos bailarines de amplia trayectoria como int\u00e9rpretes, bailarines y core\u00f3grafos.<br>Junto a sus parejas, Julieta De Gisi y Sofia Cruciani han realizado diversos espect\u00e1culos tanto en nuestro pa\u00eds como en el extranjero, llevando el tango argentino a muchos pa\u00edses: Uruguay, Brasil, Chile, M\u00e9xico, Italia, China y&nbsp; Egipto entre otros.<br>Han participado juntos en el \u00faltimo festival La Plata Baila tango siendo el espect\u00e1culo de apertura del mismo, entre otros festivales y eventos de tango de importancia nacional.<\/p>\n\n\n\n<p>Entrada General $1.500.- En venta en la boleter\u00eda del Centro Cultural Cotesma.<\/p>\n","protected":false},"excerpt":{"rendered":"<p>El pr\u00f3ximo mi\u00e9rcoles 03 de agosto a las 21:30hs, la Compa\u00f1\u00eda Nuevos Aires Tango presenta su nuevo Show: \u201cVUELVO AL SUR\u201d.Imperdible propuesta \u00a1\u00danica funci\u00f3n en San Mart\u00edn de los Andes!. \u201cVuelvo al Sur\u201d es un espect\u00e1culo de tango pensado tanto para los amantes del Tango como para el p\u00fablico general.Dirigido&nbsp; y realizado por Artistas de trayectoria internacional.Diez Artistas en escena en un espect\u00e1culo moderno, din\u00e1mico, &hellip; <a href=\"https:\/\/cultura.sma.gob.ar\/?p=3626\" class=\"more-link\">Continue reading <span class=\"screen-reader-text\">La Compa\u00f1\u00eda Nuevos Aires Tango presenta: \u201cVuelvo al Sur\u201d<\/span><\/a><\/p>\n","protected":false},"author":1,"featured_media":297,"comment_status":"closed","ping_status":"","sticky":false,"template":"","format":"image","meta":{"footnotes":""},"categories":[2,9],"tags":[],"class_list":["post-3626","post","type-post","status-publish","format-image","has-post-thumbnail","hentry","category-ciudad-cultural","category-ultimas-noticias","post_format-post-format-image"],"_links":{"self":[{"href":"https:\/\/cultura.sma.gob.ar\/index.php?rest_route=\/wp\/v2\/posts\/3626","targetHints":{"allow":["GET"]}}],"collection":[{"href":"https:\/\/cultura.sma.gob.ar\/index.php?rest_route=\/wp\/v2\/posts"}],"about":[{"href":"https:\/\/cultura.sma.gob.ar\/index.php?rest_route=\/wp\/v2\/types\/post"}],"author":[{"embeddable":true,"href":"https:\/\/cultura.sma.gob.ar\/index.php?rest_route=\/wp\/v2\/users\/1"}],"replies":[{"embeddable":true,"href":"https:\/\/cultura.sma.gob.ar\/index.php?rest_route=%2Fwp%2Fv2%2Fcomments&post=3626"}],"version-history":[{"count":1,"href":"https:\/\/cultura.sma.gob.ar\/index.php?rest_route=\/wp\/v2\/posts\/3626\/revisions"}],"predecessor-version":[{"id":3628,"href":"https:\/\/cultura.sma.gob.ar\/index.php?rest_route=\/wp\/v2\/posts\/3626\/revisions\/3628"}],"wp:featuredmedia":[{"embeddable":true,"href":"https:\/\/cultura.sma.gob.ar\/index.php?rest_route=\/wp\/v2\/media\/297"}],"wp:attachment":[{"href":"https:\/\/cultura.sma.gob.ar\/index.php?rest_route=%2Fwp%2Fv2%2Fmedia&parent=3626"}],"wp:term":[{"taxonomy":"category","embeddable":true,"href":"https:\/\/cultura.sma.gob.ar\/index.php?rest_route=%2Fwp%2Fv2%2Fcategories&post=3626"},{"taxonomy":"post_tag","embeddable":true,"href":"https:\/\/cultura.sma.gob.ar\/index.php?rest_route=%2Fwp%2Fv2%2Ftags&post=3626"}],"curies":[{"name":"wp","href":"https:\/\/api.w.org\/{rel}","templated":true}]}}