{"id":3613,"date":"2022-07-10T16:59:51","date_gmt":"2022-07-10T19:59:51","guid":{"rendered":"http:\/\/cultura.sma.gob.ar\/?p=3613"},"modified":"2022-07-10T16:59:51","modified_gmt":"2022-07-10T19:59:51","slug":"santiago-moraes-junto-a-romanosky","status":"publish","type":"post","link":"https:\/\/cultura.sma.gob.ar\/?p=3613","title":{"rendered":"Santiago Moraes junto a Romanosky"},"content":{"rendered":"\n<figure class=\"wp-block-image size-large\"><img loading=\"lazy\" decoding=\"async\" width=\"819\" height=\"1024\" src=\"http:\/\/cultura.sma.gob.ar\/wp-content\/uploads\/2022\/07\/Flyer-Santiago-Moraes-y-Romanosky-819x1024.jpg\" alt=\"\" class=\"wp-image-3614\" srcset=\"https:\/\/cultura.sma.gob.ar\/wp-content\/uploads\/2022\/07\/Flyer-Santiago-Moraes-y-Romanosky-819x1024.jpg 819w, https:\/\/cultura.sma.gob.ar\/wp-content\/uploads\/2022\/07\/Flyer-Santiago-Moraes-y-Romanosky-240x300.jpg 240w, https:\/\/cultura.sma.gob.ar\/wp-content\/uploads\/2022\/07\/Flyer-Santiago-Moraes-y-Romanosky-768x960.jpg 768w, https:\/\/cultura.sma.gob.ar\/wp-content\/uploads\/2022\/07\/Flyer-Santiago-Moraes-y-Romanosky-72x90.jpg 72w, https:\/\/cultura.sma.gob.ar\/wp-content\/uploads\/2022\/07\/Flyer-Santiago-Moraes-y-Romanosky.jpg 1024w\" sizes=\"auto, (max-width: 819px) 100vw, 819px\" \/><\/figure>\n\n\n\n<p>El pr\u00f3ximo s\u00e1bado, 23 de julio a las 21:30hs en nuestra querida Sala Amankay, volveremos a compartir una vibrante noche musical. Santiago Moraes &amp; Romanosky se presentan en el invierno cultural.<br><br>M\u00fasico porte\u00f1o que atraviesa distintos g\u00e9neros con las cr\u00f3nicas urbanas. Particip\u00f3 de los Esp\u00edritus y ahora emprende su camino solista con dos discos y algunos simples. En esta oportunidad estar\u00e1 acompa\u00f1ado por la banda da sanmartinense Romanosky interpretando los temas de Santiago en una cruzada porte\u00f1a patag\u00f3nica.<\/p>\n\n\n\n<p><br>Entrada General $1.000.- En venta en boleter\u00eda del Centro Cultural Cotesma<\/p>\n","protected":false},"excerpt":{"rendered":"<p>El pr\u00f3ximo s\u00e1bado, 23 de julio a las 21:30hs en nuestra querida Sala Amankay, volveremos a compartir una vibrante noche musical. Santiago Moraes &amp; Romanosky se presentan en el invierno cultural. M\u00fasico porte\u00f1o que atraviesa distintos g\u00e9neros con las cr\u00f3nicas urbanas. Particip\u00f3 de los Esp\u00edritus y ahora emprende su camino solista con dos discos y algunos simples. En esta oportunidad estar\u00e1 acompa\u00f1ado por la banda &hellip; <a href=\"https:\/\/cultura.sma.gob.ar\/?p=3613\" class=\"more-link\">Continue reading <span class=\"screen-reader-text\">Santiago Moraes junto a Romanosky<\/span><\/a><\/p>\n","protected":false},"author":1,"featured_media":297,"comment_status":"closed","ping_status":"","sticky":false,"template":"","format":"image","meta":{"footnotes":""},"categories":[2,9],"tags":[],"class_list":["post-3613","post","type-post","status-publish","format-image","has-post-thumbnail","hentry","category-ciudad-cultural","category-ultimas-noticias","post_format-post-format-image"],"_links":{"self":[{"href":"https:\/\/cultura.sma.gob.ar\/index.php?rest_route=\/wp\/v2\/posts\/3613","targetHints":{"allow":["GET"]}}],"collection":[{"href":"https:\/\/cultura.sma.gob.ar\/index.php?rest_route=\/wp\/v2\/posts"}],"about":[{"href":"https:\/\/cultura.sma.gob.ar\/index.php?rest_route=\/wp\/v2\/types\/post"}],"author":[{"embeddable":true,"href":"https:\/\/cultura.sma.gob.ar\/index.php?rest_route=\/wp\/v2\/users\/1"}],"replies":[{"embeddable":true,"href":"https:\/\/cultura.sma.gob.ar\/index.php?rest_route=%2Fwp%2Fv2%2Fcomments&post=3613"}],"version-history":[{"count":1,"href":"https:\/\/cultura.sma.gob.ar\/index.php?rest_route=\/wp\/v2\/posts\/3613\/revisions"}],"predecessor-version":[{"id":3615,"href":"https:\/\/cultura.sma.gob.ar\/index.php?rest_route=\/wp\/v2\/posts\/3613\/revisions\/3615"}],"wp:featuredmedia":[{"embeddable":true,"href":"https:\/\/cultura.sma.gob.ar\/index.php?rest_route=\/wp\/v2\/media\/297"}],"wp:attachment":[{"href":"https:\/\/cultura.sma.gob.ar\/index.php?rest_route=%2Fwp%2Fv2%2Fmedia&parent=3613"}],"wp:term":[{"taxonomy":"category","embeddable":true,"href":"https:\/\/cultura.sma.gob.ar\/index.php?rest_route=%2Fwp%2Fv2%2Fcategories&post=3613"},{"taxonomy":"post_tag","embeddable":true,"href":"https:\/\/cultura.sma.gob.ar\/index.php?rest_route=%2Fwp%2Fv2%2Ftags&post=3613"}],"curies":[{"name":"wp","href":"https:\/\/api.w.org\/{rel}","templated":true}]}}