{"id":3609,"date":"2022-07-10T16:56:22","date_gmt":"2022-07-10T19:56:22","guid":{"rendered":"http:\/\/cultura.sma.gob.ar\/?p=3609"},"modified":"2022-07-10T16:56:22","modified_gmt":"2022-07-10T19:56:22","slug":"ciclo-idolos-musicales-en-la-pantalla-la-vida-en-rosa","status":"publish","type":"post","link":"https:\/\/cultura.sma.gob.ar\/?p=3609","title":{"rendered":"Ciclo \u201c\u00cddolos musicales en la pantalla&#8221;: \u201cLa vida en rosa\u201d"},"content":{"rendered":"\n<figure class=\"wp-block-image size-large\"><img loading=\"lazy\" decoding=\"async\" width=\"353\" height=\"500\" src=\"http:\/\/cultura.sma.gob.ar\/wp-content\/uploads\/2022\/07\/La-vida-en-Rosa.jpg\" alt=\"\" class=\"wp-image-3610\" srcset=\"https:\/\/cultura.sma.gob.ar\/wp-content\/uploads\/2022\/07\/La-vida-en-Rosa.jpg 353w, https:\/\/cultura.sma.gob.ar\/wp-content\/uploads\/2022\/07\/La-vida-en-Rosa-212x300.jpg 212w, https:\/\/cultura.sma.gob.ar\/wp-content\/uploads\/2022\/07\/La-vida-en-Rosa-64x90.jpg 64w\" sizes=\"auto, (max-width: 353px) 100vw, 353px\" \/><\/figure>\n\n\n\n<p>El jueves, 14 de Julio a las 20:30hs en la Sala G\u00fcnther Blaas del Centro Cultural Cotesma, continuamos con la 6ta. Temporada de Proyecciones a la gorra. Como los a\u00f1os anteriores, la programaci\u00f3n y la presentaci\u00f3n est\u00e1 a cargo de Guillermo Ianniello, este a\u00f1o a beneficio del Club de Leones San Mart\u00edn de los Andes \u2013 Chapelco.<br>Continuando con el Ciclo N\u00b034 (Cuarto de este a\u00f1o), titulado \u201cIDOLOS MUSICALES EN LA PANTALLA\u201d, se proyectar\u00e1 \u201cLA VIDA EN ROSA\u201d dirigida por Olivier Dahan y protagonizada por Marion Cotillard, Gerard Depardieu y Sylvie Testud<br><br><strong><u>\u201cLa Vida en Rosa\u201d<\/u><\/strong>. (2007-Color)<br>Gran pel\u00edcula sobre la vida de Edith Piaf, donde sin palabras me dej\u00f3 Marion Cotillard con la perfecta caracterizaci\u00f3n de la diva francesa.<br>El director Olivier Dahan ha realizado su mejor trabajo con una fotograf\u00eda y una banda sonora espl\u00e9ndidas.<br>Las canciones de la Piaf se adecuan perfectamente con el momento, hacen amena la pel\u00edcula y algunas de ellas nos dan escenas memorables.<br>La puesta en escena es impresionante, vestuario, escenograf\u00eda, maquillaje, sonido, toda cuesti\u00f3n t\u00e9cnica, y el toque musical a manos de Christopher Gunning y temas de Piaf, hacen que uno alucine y crea que acaba de acudir a un concierto de la int\u00e9rprete.<br><br>Un homenaje digno, para una artista desconocida para muchos, abarca todos esos peque\u00f1os y grandes aspectos, sin descuidar la obra de la cancionista.<br>Para m\u00ed es una de esas pocas pel\u00edculas que te hace aplaudirlas en cuanto las acabas de ver, me emociona y es un gran triunfo.<br>Verdaderamente una obra majestuosa, sensible, dura y llena de pasi\u00f3n.<br>Yo conoc\u00eda la historia de Edith Piaf, pero igual me impact\u00f3 mucho.<br>La trama es dura pero intensa y eso me encanta.<br>Si desean conocer lo que realmente es la pasi\u00f3n y la entereza de una mujer, \u00a1\u00a1se las recomiendo!!.<br><br>Duraci\u00f3n: 2 hs. 20&#8242;.-<\/p>\n\n\n\n<p>*********************************************************<br><strong><u>Este Ciclo tambi\u00e9n comprende las siguientes pel\u00edculas:<\/u><\/strong><br>21 de Julio: Pasi\u00f3n y Locura (Biograf\u00eda de Johnny Cash, \u201crey\u201d de la m\u00fasica country)<br>28 de Julio: Nace una Estrella (Lady Gaga y Bradley Cooper en un film inolvidable)<\/p>\n","protected":false},"excerpt":{"rendered":"<p>El jueves, 14 de Julio a las 20:30hs en la Sala G\u00fcnther Blaas del Centro Cultural Cotesma, continuamos con la 6ta. Temporada de Proyecciones a la gorra. Como los a\u00f1os anteriores, la programaci\u00f3n y la presentaci\u00f3n est\u00e1 a cargo de Guillermo Ianniello, este a\u00f1o a beneficio del Club de Leones San Mart\u00edn de los Andes \u2013 Chapelco.Continuando con el Ciclo N\u00b034 (Cuarto de este a\u00f1o), &hellip; <a href=\"https:\/\/cultura.sma.gob.ar\/?p=3609\" class=\"more-link\">Continue reading <span class=\"screen-reader-text\">Ciclo \u201c\u00cddolos musicales en la pantalla&#8221;: \u201cLa vida en rosa\u201d<\/span><\/a><\/p>\n","protected":false},"author":1,"featured_media":297,"comment_status":"closed","ping_status":"","sticky":false,"template":"","format":"image","meta":{"footnotes":""},"categories":[2,9],"tags":[],"class_list":["post-3609","post","type-post","status-publish","format-image","has-post-thumbnail","hentry","category-ciudad-cultural","category-ultimas-noticias","post_format-post-format-image"],"_links":{"self":[{"href":"https:\/\/cultura.sma.gob.ar\/index.php?rest_route=\/wp\/v2\/posts\/3609","targetHints":{"allow":["GET"]}}],"collection":[{"href":"https:\/\/cultura.sma.gob.ar\/index.php?rest_route=\/wp\/v2\/posts"}],"about":[{"href":"https:\/\/cultura.sma.gob.ar\/index.php?rest_route=\/wp\/v2\/types\/post"}],"author":[{"embeddable":true,"href":"https:\/\/cultura.sma.gob.ar\/index.php?rest_route=\/wp\/v2\/users\/1"}],"replies":[{"embeddable":true,"href":"https:\/\/cultura.sma.gob.ar\/index.php?rest_route=%2Fwp%2Fv2%2Fcomments&post=3609"}],"version-history":[{"count":1,"href":"https:\/\/cultura.sma.gob.ar\/index.php?rest_route=\/wp\/v2\/posts\/3609\/revisions"}],"predecessor-version":[{"id":3611,"href":"https:\/\/cultura.sma.gob.ar\/index.php?rest_route=\/wp\/v2\/posts\/3609\/revisions\/3611"}],"wp:featuredmedia":[{"embeddable":true,"href":"https:\/\/cultura.sma.gob.ar\/index.php?rest_route=\/wp\/v2\/media\/297"}],"wp:attachment":[{"href":"https:\/\/cultura.sma.gob.ar\/index.php?rest_route=%2Fwp%2Fv2%2Fmedia&parent=3609"}],"wp:term":[{"taxonomy":"category","embeddable":true,"href":"https:\/\/cultura.sma.gob.ar\/index.php?rest_route=%2Fwp%2Fv2%2Fcategories&post=3609"},{"taxonomy":"post_tag","embeddable":true,"href":"https:\/\/cultura.sma.gob.ar\/index.php?rest_route=%2Fwp%2Fv2%2Ftags&post=3609"}],"curies":[{"name":"wp","href":"https:\/\/api.w.org\/{rel}","templated":true}]}}