{"id":3601,"date":"2022-07-06T18:53:21","date_gmt":"2022-07-06T21:53:21","guid":{"rendered":"http:\/\/cultura.sma.gob.ar\/?p=3601"},"modified":"2022-07-06T18:53:21","modified_gmt":"2022-07-06T21:53:21","slug":"cine-debate-el-camino-es-la-agroecologia","status":"publish","type":"post","link":"https:\/\/cultura.sma.gob.ar\/?p=3601","title":{"rendered":"Cine Debate &#8220;El camino es la agroecolog\u00eda&#8221;"},"content":{"rendered":"\n<figure class=\"wp-block-image size-large\"><img loading=\"lazy\" decoding=\"async\" width=\"670\" height=\"1024\" src=\"http:\/\/cultura.sma.gob.ar\/wp-content\/uploads\/2022\/07\/Flyer-Cine-Debate-El-camino-es-la-agroecologia-670x1024.jpg\" alt=\"\" class=\"wp-image-3602\" srcset=\"https:\/\/cultura.sma.gob.ar\/wp-content\/uploads\/2022\/07\/Flyer-Cine-Debate-El-camino-es-la-agroecologia-670x1024.jpg 670w, https:\/\/cultura.sma.gob.ar\/wp-content\/uploads\/2022\/07\/Flyer-Cine-Debate-El-camino-es-la-agroecologia-196x300.jpg 196w, https:\/\/cultura.sma.gob.ar\/wp-content\/uploads\/2022\/07\/Flyer-Cine-Debate-El-camino-es-la-agroecologia-768x1174.jpg 768w, https:\/\/cultura.sma.gob.ar\/wp-content\/uploads\/2022\/07\/Flyer-Cine-Debate-El-camino-es-la-agroecologia-59x90.jpg 59w, https:\/\/cultura.sma.gob.ar\/wp-content\/uploads\/2022\/07\/Flyer-Cine-Debate-El-camino-es-la-agroecologia.jpg 837w\" sizes=\"auto, (max-width: 670px) 100vw, 670px\" \/><\/figure>\n\n\n\n<p>El pr\u00f3ximo viernes, 15 de Julio, a las 19hs en la Sala G\u00fanther Blaas, Renama, Solired, Fin Aliwen, Semilla Libre y la Red Yafutun, van a llevar a cabo la proyecci\u00f3n, libre y gratuita, del documental \u201cEL CAMINO ES LA AGROECOLOG\u00cdA\u201d.<\/p>\n\n\n\n<p>Sinopsis:<br><em>\u201c\u00bfHacemos agricultura para producir alimentos o dinero? \u00bfEs rentable producir sin venenos? \u00bfC\u00f3mo quiero alimentarme? \u00bfPodemos imaginarnos una agricultura con el foco puesto en la biodiversidad y en la salud del suelo y de las personas? Productores\/as, comercializadores\/as, y consumidores\/as nos abren sus tranqueras y puertas para afirmar que EL CAMINO ES LA AGROECOLOG\u00cdA.<br>Si te interesa el presente y el futuro de c\u00f3mo habitamos este planeta, escuchalos. Es hora de cambiar el rumbo; es hora de un nuevo paradigma\u201d.<\/em><\/p>\n\n\n\n<p>Ficha T\u00e9cnica:<br>Direcci\u00f3n: El\u00edas S\u00e1ez<br>Producci\u00f3n General: El\u00edas S\u00e1ez y Rodrigo Castro Volpe<br>Direcci\u00f3n de Fotograf\u00eda y C\u00e1mara: Francisco Hauser<br>Guion: Clarisa Tamini<br>Producci\u00f3n de Campo: Marisa Fogante, Graciela Francavilla, Luis Narmon<br>Sonido: Juan Pablo Bagnatto<br>Post Producci\u00f3n de Sonido y M\u00fasica Original: Germ\u00e1n Cantero<br>Edici\u00f3n: Jimena Etchevarr\u00eda y Lucas Magurno<br>Dise\u00f1o Gr\u00e1fico: Alejandra Baz\u00e1n<\/p>\n\n\n\n<p>Web:&nbsp;<a href=\"https:\/\/correo.smandes.gov.ar\/owa\/redir.aspx?C=10158a97e9ec4120ab678fd0abc9655c&amp;URL=https%3a%2f%2fwww.elcaminoeslaagroecologia.com%2f\" target=\"_blank\" rel=\"noreferrer noopener\">https:\/\/www.elcaminoeslaagroecologia.com\/<br><\/a>Trailer:&nbsp;<a href=\"https:\/\/correo.smandes.gov.ar\/owa\/redir.aspx?C=10158a97e9ec4120ab678fd0abc9655c&amp;URL=https%3a%2f%2fwww.youtube.com%2fwatch%3fv%3dYSGIsrEqbAk\" target=\"_blank\" rel=\"noreferrer noopener\">https:\/\/www.youtube.com\/watch?v=YSGIsrEqbAk<br><br><\/a>Palabras de sus realizadores:<br><em>\u201cEsperamos que el documental sea una herramienta para compartir y reflexionar en las comunidades sobre qu\u00e9 es la agroecolog\u00eda, y demostrar que el camino hacia un modelo agroalimentario con el foco puesto en la biodiversidad y en la salud del suelo y de las personas, es posible y est\u00e1 en marcha\u201d<\/em>.<\/p>\n\n\n\n<p>Cualquier duda escribinos a info@renama.org o por nuestras redes sociales<br>Facebook .&nbsp;<a href=\"https:\/\/correo.smandes.gov.ar\/owa\/redir.aspx?C=10158a97e9ec4120ab678fd0abc9655c&amp;URL=http%3a%2f%2fwww.facebook.com%2frenamanet\" target=\"_blank\" rel=\"noreferrer noopener\">www.facebook.com\/renamanet<\/a><br>IG&nbsp; @renama_agroecologia<br>TW @RENAMA_<br>Canal de Youtube&nbsp;<a href=\"https:\/\/correo.smandes.gov.ar\/owa\/redir.aspx?C=10158a97e9ec4120ab678fd0abc9655c&amp;URL=https%3a%2f%2fwww.youtube.com%2fchannel%2fUChzV3bUrbzn4g0njvFEdA4g\" target=\"_blank\" rel=\"noreferrer noopener\">https:\/\/www.youtube.com\/channel\/UChzV3bUrbzn4g0njvFEdA4g<\/a><br>Canal de Telegram&nbsp;&nbsp;<a href=\"https:\/\/correo.smandes.gov.ar\/owa\/redir.aspx?C=10158a97e9ec4120ab678fd0abc9655c&amp;URL=https%3a%2f%2ft.me%2fjoinchat%2fRivnA4EY0SFDJXvF\" target=\"_blank\" rel=\"noreferrer noopener\">https:\/\/t.me\/joinchat\/RivnA4EY0SFDJXvF<\/a><\/p>\n","protected":false},"excerpt":{"rendered":"<p>El pr\u00f3ximo viernes, 15 de Julio, a las 19hs en la Sala G\u00fanther Blaas, Renama, Solired, Fin Aliwen, Semilla Libre y la Red Yafutun, van a llevar a cabo la proyecci\u00f3n, libre y gratuita, del documental \u201cEL CAMINO ES LA AGROECOLOG\u00cdA\u201d. Sinopsis:\u201c\u00bfHacemos agricultura para producir alimentos o dinero? \u00bfEs rentable producir sin venenos? \u00bfC\u00f3mo quiero alimentarme? \u00bfPodemos imaginarnos una agricultura con el foco puesto en &hellip; <a href=\"https:\/\/cultura.sma.gob.ar\/?p=3601\" class=\"more-link\">Continue reading <span class=\"screen-reader-text\">Cine Debate &#8220;El camino es la agroecolog\u00eda&#8221;<\/span><\/a><\/p>\n","protected":false},"author":1,"featured_media":297,"comment_status":"closed","ping_status":"","sticky":false,"template":"","format":"image","meta":{"footnotes":""},"categories":[2,9],"tags":[],"class_list":["post-3601","post","type-post","status-publish","format-image","has-post-thumbnail","hentry","category-ciudad-cultural","category-ultimas-noticias","post_format-post-format-image"],"_links":{"self":[{"href":"https:\/\/cultura.sma.gob.ar\/index.php?rest_route=\/wp\/v2\/posts\/3601","targetHints":{"allow":["GET"]}}],"collection":[{"href":"https:\/\/cultura.sma.gob.ar\/index.php?rest_route=\/wp\/v2\/posts"}],"about":[{"href":"https:\/\/cultura.sma.gob.ar\/index.php?rest_route=\/wp\/v2\/types\/post"}],"author":[{"embeddable":true,"href":"https:\/\/cultura.sma.gob.ar\/index.php?rest_route=\/wp\/v2\/users\/1"}],"replies":[{"embeddable":true,"href":"https:\/\/cultura.sma.gob.ar\/index.php?rest_route=%2Fwp%2Fv2%2Fcomments&post=3601"}],"version-history":[{"count":1,"href":"https:\/\/cultura.sma.gob.ar\/index.php?rest_route=\/wp\/v2\/posts\/3601\/revisions"}],"predecessor-version":[{"id":3603,"href":"https:\/\/cultura.sma.gob.ar\/index.php?rest_route=\/wp\/v2\/posts\/3601\/revisions\/3603"}],"wp:featuredmedia":[{"embeddable":true,"href":"https:\/\/cultura.sma.gob.ar\/index.php?rest_route=\/wp\/v2\/media\/297"}],"wp:attachment":[{"href":"https:\/\/cultura.sma.gob.ar\/index.php?rest_route=%2Fwp%2Fv2%2Fmedia&parent=3601"}],"wp:term":[{"taxonomy":"category","embeddable":true,"href":"https:\/\/cultura.sma.gob.ar\/index.php?rest_route=%2Fwp%2Fv2%2Fcategories&post=3601"},{"taxonomy":"post_tag","embeddable":true,"href":"https:\/\/cultura.sma.gob.ar\/index.php?rest_route=%2Fwp%2Fv2%2Ftags&post=3601"}],"curies":[{"name":"wp","href":"https:\/\/api.w.org\/{rel}","templated":true}]}}