{"id":3592,"date":"2022-07-06T16:10:54","date_gmt":"2022-07-06T19:10:54","guid":{"rendered":"http:\/\/cultura.sma.gob.ar\/?p=3592"},"modified":"2022-07-18T12:34:24","modified_gmt":"2022-07-18T15:34:24","slug":"tour-cultural-traslado-gratuito-desde-los-barrios","status":"publish","type":"post","link":"https:\/\/cultura.sma.gob.ar\/?p=3592","title":{"rendered":"TOUR CULTURAL: Traslado gratuito desde los barrios"},"content":{"rendered":"\n<figure class=\"wp-block-image size-large\"><img loading=\"lazy\" decoding=\"async\" width=\"1024\" height=\"1024\" src=\"http:\/\/cultura.sma.gob.ar\/wp-content\/uploads\/2022\/07\/Tour-Cultural-1024x1024.jpg\" alt=\"\" class=\"wp-image-3593\" srcset=\"https:\/\/cultura.sma.gob.ar\/wp-content\/uploads\/2022\/07\/Tour-Cultural-1024x1024.jpg 1024w, https:\/\/cultura.sma.gob.ar\/wp-content\/uploads\/2022\/07\/Tour-Cultural-300x300.jpg 300w, https:\/\/cultura.sma.gob.ar\/wp-content\/uploads\/2022\/07\/Tour-Cultural-150x150.jpg 150w, https:\/\/cultura.sma.gob.ar\/wp-content\/uploads\/2022\/07\/Tour-Cultural-768x768.jpg 768w, https:\/\/cultura.sma.gob.ar\/wp-content\/uploads\/2022\/07\/Tour-Cultural-1536x1536.jpg 1536w, https:\/\/cultura.sma.gob.ar\/wp-content\/uploads\/2022\/07\/Tour-Cultural-90x90.jpg 90w, https:\/\/cultura.sma.gob.ar\/wp-content\/uploads\/2022\/07\/Tour-Cultural.jpg 1875w\" sizes=\"auto, (max-width: 1024px) 100vw, 1024px\" \/><\/figure>\n\n\n\n<p>El programa Tour Cultural tiene como objetivo favorecer acceso a vecinos y vecinas de los barrios a actividades culturales de la Secretar\u00eda de Cultura, facilitando el traslado gratuito, ida y vuelta, desde los barrios.<\/p>\n\n\n\n<p>En esta oportunidad el Tour tendr\u00e1 traslados hacia las funciones del Festival Infantil de invierno, que se realizar\u00e1 en el Teatro San Jos\u00e9 y en la Escuela 313; y a la muestra \u201cBerni. Ramona y otras mujeres\u201d del gran artista Antonio Berni en la Sala Municipal de Exposiciones \u201cLidaura Chapitel\u201d.<\/p>\n\n\n\n<p>No hace falta inscripci\u00f3n previa para el Tour, solo se pide estar 10 minutos antes en el lugar de salida.<\/p>\n\n\n\n<figure class=\"wp-block-image size-large\"><img loading=\"lazy\" decoding=\"async\" width=\"1024\" height=\"1024\" src=\"http:\/\/cultura.sma.gob.ar\/wp-content\/uploads\/2022\/07\/a-10-de-julio-1024x1024.jpg\" alt=\"\" class=\"wp-image-3594\" srcset=\"https:\/\/cultura.sma.gob.ar\/wp-content\/uploads\/2022\/07\/a-10-de-julio-1024x1024.jpg 1024w, https:\/\/cultura.sma.gob.ar\/wp-content\/uploads\/2022\/07\/a-10-de-julio-300x300.jpg 300w, https:\/\/cultura.sma.gob.ar\/wp-content\/uploads\/2022\/07\/a-10-de-julio-150x150.jpg 150w, https:\/\/cultura.sma.gob.ar\/wp-content\/uploads\/2022\/07\/a-10-de-julio-768x768.jpg 768w, https:\/\/cultura.sma.gob.ar\/wp-content\/uploads\/2022\/07\/a-10-de-julio-1536x1536.jpg 1536w, https:\/\/cultura.sma.gob.ar\/wp-content\/uploads\/2022\/07\/a-10-de-julio-90x90.jpg 90w, https:\/\/cultura.sma.gob.ar\/wp-content\/uploads\/2022\/07\/a-10-de-julio.jpg 1875w\" sizes=\"auto, (max-width: 1024px) 100vw, 1024px\" \/><\/figure>\n\n\n\n<p><strong>TOUR CULTURAL: DOMINGO 10 DE JULIO, 16:30 HRS<\/strong><\/p>\n\n\n\n<p><strong>SALIDA DESDE VEGA CENTRO<\/strong><\/p>\n\n\n\n<p><strong>DESTINO<\/strong>: <strong> FESTIVAL INFANTIL DE INVIERNO Y MUESTRA \u201cBERNI. RAMONA Y OTRAS MUJERES\u201d <\/strong><\/p>\n\n\n\n<p>El domingo 10 de julio, a las 16:30 hs, el Tour Cultural saldr\u00e1 desde la Delegaci\u00f3n Municipal de Vega Centro con destino al Festival Infantil de Invierno y a la Muestra \u201cBerni. Ramona y otras mujeres\u201d. El regreso a la delegaci\u00f3n ser\u00e1 a las 19:15 hs.<\/p>\n\n\n\n<p>No hace falta inscripci\u00f3n previa para el Tour, solo se pide estar 10 minutos antes en el lugar de salida.<\/p>\n\n\n\n<figure class=\"wp-block-image size-large\"><img loading=\"lazy\" decoding=\"async\" width=\"1024\" height=\"1024\" src=\"http:\/\/cultura.sma.gob.ar\/wp-content\/uploads\/2022\/07\/c-17-de-julio-1024x1024.jpg\" alt=\"\" class=\"wp-image-3596\" srcset=\"https:\/\/cultura.sma.gob.ar\/wp-content\/uploads\/2022\/07\/c-17-de-julio-1024x1024.jpg 1024w, https:\/\/cultura.sma.gob.ar\/wp-content\/uploads\/2022\/07\/c-17-de-julio-300x300.jpg 300w, https:\/\/cultura.sma.gob.ar\/wp-content\/uploads\/2022\/07\/c-17-de-julio-150x150.jpg 150w, https:\/\/cultura.sma.gob.ar\/wp-content\/uploads\/2022\/07\/c-17-de-julio-768x768.jpg 768w, https:\/\/cultura.sma.gob.ar\/wp-content\/uploads\/2022\/07\/c-17-de-julio-1536x1536.jpg 1536w, https:\/\/cultura.sma.gob.ar\/wp-content\/uploads\/2022\/07\/c-17-de-julio-90x90.jpg 90w, https:\/\/cultura.sma.gob.ar\/wp-content\/uploads\/2022\/07\/c-17-de-julio.jpg 1875w\" sizes=\"auto, (max-width: 1024px) 100vw, 1024px\" \/><\/figure>\n\n\n\n<p><strong>TOUR CULTURAL: DOMINGO 17 DE JULIO<\/strong><\/p>\n\n\n\n<p><strong>SALIDA DESDE LA DELEGACI\u00d3N DEL ARENAL<\/strong><\/p>\n\n\n\n<p><strong>DESTINO: &#8221;FESTIVAL INFANTIL DE INVIERNO&#8221; Y MUESTRA \u201cBERNI. RAMONA Y OTRAS MUJERES\u201d<\/strong><\/p>\n\n\n\n<p>El domingo 17 de julio, a las 16:30 hs, el Tour Cultural saldr\u00e1 desde la Delegaci\u00f3n Municipal del Arenal con destino al Festival Infantil de Invierno en el Teatro San Jos\u00e9 y a la Muestra \u201cBerni. Ramona y otras mujeres\u201d en la Sala Chapitel. El regreso a la delegaci\u00f3n ser\u00e1 a las 19:15 hs.<\/p>\n\n\n\n<p>No hace falta inscripci\u00f3n previa para el Tour, solo se pide estar 10 minutos antes en el lugar de salida.<\/p>\n\n\n\n<figure class=\"wp-block-image size-large\"><img loading=\"lazy\" decoding=\"async\" width=\"1024\" height=\"1024\" src=\"http:\/\/cultura.sma.gob.ar\/wp-content\/uploads\/2022\/07\/d-22-de-julio-1024x1024.jpg\" alt=\"\" class=\"wp-image-3597\" srcset=\"https:\/\/cultura.sma.gob.ar\/wp-content\/uploads\/2022\/07\/d-22-de-julio-1024x1024.jpg 1024w, https:\/\/cultura.sma.gob.ar\/wp-content\/uploads\/2022\/07\/d-22-de-julio-300x300.jpg 300w, https:\/\/cultura.sma.gob.ar\/wp-content\/uploads\/2022\/07\/d-22-de-julio-150x150.jpg 150w, https:\/\/cultura.sma.gob.ar\/wp-content\/uploads\/2022\/07\/d-22-de-julio-768x768.jpg 768w, https:\/\/cultura.sma.gob.ar\/wp-content\/uploads\/2022\/07\/d-22-de-julio-1536x1536.jpg 1536w, https:\/\/cultura.sma.gob.ar\/wp-content\/uploads\/2022\/07\/d-22-de-julio-90x90.jpg 90w, https:\/\/cultura.sma.gob.ar\/wp-content\/uploads\/2022\/07\/d-22-de-julio.jpg 1875w\" sizes=\"auto, (max-width: 1024px) 100vw, 1024px\" \/><\/figure>\n\n\n\n<p><strong>TOUR CULTURAL: VIERNES 22 DE JULIO<\/strong><\/p>\n\n\n\n<p><strong>SALIDA:  Desde la Delegaci\u00f3n Municipal de Cordones del Chapelco<\/strong><\/p>\n\n\n\n<p><strong>DESTINO: &#8221;FESTIVAL INFANTIL DE INVIERNO&#8221; &#8211; ESCUELA 313<\/strong><\/p>\n\n\n\n<p>El viernes 22 de julio, a las 16:30 hrs, el Tour Cultural saldr\u00e1 desde la Delegaci\u00f3n Municipal de Cordones del Chapelco con destino al Festival Infantil de Invierno en la Escuela 313 de Vega Centro.<\/p>\n\n\n\n<p>No hace falta inscripci\u00f3n previa para el Tour, solo se pide estar 10 minutos antes en el lugar de salida.<\/p>\n","protected":false},"excerpt":{"rendered":"<p>El programa Tour Cultural tiene como objetivo favorecer acceso a vecinos y vecinas de los barrios a actividades culturales de la Secretar\u00eda de Cultura, facilitando el traslado gratuito, ida y vuelta, desde los barrios. En esta oportunidad el Tour tendr\u00e1 traslados hacia las funciones del Festival Infantil de invierno, que se realizar\u00e1 en el Teatro San Jos\u00e9 y en la Escuela 313; y a la &hellip; <a href=\"https:\/\/cultura.sma.gob.ar\/?p=3592\" class=\"more-link\">Continue reading <span class=\"screen-reader-text\">TOUR CULTURAL: Traslado gratuito desde los barrios<\/span><\/a><\/p>\n","protected":false},"author":1,"featured_media":292,"comment_status":"closed","ping_status":"","sticky":false,"template":"","format":"image","meta":{"footnotes":""},"categories":[8,9],"tags":[],"class_list":["post-3592","post","type-post","status-publish","format-image","has-post-thumbnail","hentry","category-teatro-san-jose","category-ultimas-noticias","post_format-post-format-image"],"_links":{"self":[{"href":"https:\/\/cultura.sma.gob.ar\/index.php?rest_route=\/wp\/v2\/posts\/3592","targetHints":{"allow":["GET"]}}],"collection":[{"href":"https:\/\/cultura.sma.gob.ar\/index.php?rest_route=\/wp\/v2\/posts"}],"about":[{"href":"https:\/\/cultura.sma.gob.ar\/index.php?rest_route=\/wp\/v2\/types\/post"}],"author":[{"embeddable":true,"href":"https:\/\/cultura.sma.gob.ar\/index.php?rest_route=\/wp\/v2\/users\/1"}],"replies":[{"embeddable":true,"href":"https:\/\/cultura.sma.gob.ar\/index.php?rest_route=%2Fwp%2Fv2%2Fcomments&post=3592"}],"version-history":[{"count":4,"href":"https:\/\/cultura.sma.gob.ar\/index.php?rest_route=\/wp\/v2\/posts\/3592\/revisions"}],"predecessor-version":[{"id":3663,"href":"https:\/\/cultura.sma.gob.ar\/index.php?rest_route=\/wp\/v2\/posts\/3592\/revisions\/3663"}],"wp:featuredmedia":[{"embeddable":true,"href":"https:\/\/cultura.sma.gob.ar\/index.php?rest_route=\/wp\/v2\/media\/292"}],"wp:attachment":[{"href":"https:\/\/cultura.sma.gob.ar\/index.php?rest_route=%2Fwp%2Fv2%2Fmedia&parent=3592"}],"wp:term":[{"taxonomy":"category","embeddable":true,"href":"https:\/\/cultura.sma.gob.ar\/index.php?rest_route=%2Fwp%2Fv2%2Fcategories&post=3592"},{"taxonomy":"post_tag","embeddable":true,"href":"https:\/\/cultura.sma.gob.ar\/index.php?rest_route=%2Fwp%2Fv2%2Ftags&post=3592"}],"curies":[{"name":"wp","href":"https:\/\/api.w.org\/{rel}","templated":true}]}}