{"id":3585,"date":"2022-07-05T18:50:07","date_gmt":"2022-07-05T21:50:07","guid":{"rendered":"http:\/\/cultura.sma.gob.ar\/?p=3585"},"modified":"2022-07-05T18:50:07","modified_gmt":"2022-07-05T21:50:07","slug":"cine-a-la-gorra-rapsodia-bohemia","status":"publish","type":"post","link":"https:\/\/cultura.sma.gob.ar\/?p=3585","title":{"rendered":"&#8221;Cine a la gorra&#8221;: Rapsodia Bohemia"},"content":{"rendered":"\n<figure class=\"wp-block-image size-large\"><img loading=\"lazy\" decoding=\"async\" width=\"689\" height=\"1024\" src=\"http:\/\/cultura.sma.gob.ar\/wp-content\/uploads\/2022\/07\/Bohemian_Rhapsody-Vertical-689x1024.jpg\" alt=\"\" class=\"wp-image-3586\" srcset=\"https:\/\/cultura.sma.gob.ar\/wp-content\/uploads\/2022\/07\/Bohemian_Rhapsody-Vertical-689x1024.jpg 689w, https:\/\/cultura.sma.gob.ar\/wp-content\/uploads\/2022\/07\/Bohemian_Rhapsody-Vertical-202x300.jpg 202w, https:\/\/cultura.sma.gob.ar\/wp-content\/uploads\/2022\/07\/Bohemian_Rhapsody-Vertical-768x1141.jpg 768w, https:\/\/cultura.sma.gob.ar\/wp-content\/uploads\/2022\/07\/Bohemian_Rhapsody-Vertical-61x90.jpg 61w, https:\/\/cultura.sma.gob.ar\/wp-content\/uploads\/2022\/07\/Bohemian_Rhapsody-Vertical.jpg 808w\" sizes=\"auto, (max-width: 689px) 100vw, 689px\" \/><\/figure>\n\n\n\n<p>El jueves, 07 de Julio a las 20:30hs en la Sala G\u00fcnther Blaas del Centro Cultural Cotesma, continuamos con la 6ta. Temporada de Proyecciones a la gorra. Como los a\u00f1os anteriores, la programaci\u00f3n y la presentaci\u00f3n est\u00e1 a cargo de Guillermo Ianniello, este a\u00f1o a beneficio del Club de Leones San Mart\u00edn de los Andes \u2013 Chapelco.<br>Comenzando con el Ciclo N\u00b034 (Cuarto de este a\u00f1o), titulado \u201cIDOLOS MUSICALES EN LA PANTALLA\u201d, se proyectar\u00e1 \u201cRAPSODIA BOHEMIA: LA HISTORIA DE FREDDIE MERCURY\u201d dirigida por Bryan Singer y protagonizada por Rami Malek, Beb Hardy, Lucy Boynton y Mike Mayers.<br><br><strong><u>\u201cRapsodia Bohemia: La Historia de Freddie Mercury\u201d<\/u><\/strong><strong>.&nbsp;<\/strong>(2018-Color)<br>Es dif\u00edcil poner en un escalaf\u00f3n a los distintos grupos de m\u00fasica que han ido dejando su sello a lo largo de los a\u00f1os, pero me atrever\u00eda a decir que Queen ha sido, sin duda, uno de los m\u00e1s grandes.<br>La personalidad arrolladora de su cantante (Freddie Mercury) unido a la creatividad del grupo y su \u00e1nimo por romper cualquier barrera musical, les llev\u00f3 a lo m\u00e1s alto.<br><br>Era l\u00f3gico pues pensar en contar la historia detr\u00e1s del gran \u00e9xito musical que les llev\u00f3 a la fama. Estamos ante un homenaje perfecto que disfrutar\u00e1n de lo lindo los m\u00e1s fans del grupo.<br>\u2018Bohemian Rhapsody\u2019 brilla gracias, en parte, a la gran actuaci\u00f3n ofrecida por Rami Malek, deslumbrante, vibrante y genial. Su caracterizaci\u00f3n, su forma de caminar, de bailar\u2026&nbsp;ES&nbsp;Freddie Mercury.<br>El retrato que se nos presenta es el de un chico inadaptado, desesperado por encajar. Esto no hace que el resto de los secundarios pasen al olvido. Tan importante para el film es Freddie, como lo son el resto de los miembros de Queen.<br><br>Con una banda sonora repleta de los grandes \u00e9xitos atemporales del grupo, \u2018Bohemian Rhpasody\u2019 har\u00e1 que recuperes el buen gusto por la m\u00fasica.<br><br>Entretenida, emocionante y con una actuaci\u00f3n que, creo, pasar\u00e1 a la historia. Por supuesto, los m\u00e1s fans la disfrutar\u00e1n encantados.<br>No alcanzan las palabras para reflejar el que ha sido un hecho cinematogr\u00e1fico que quedar\u00e1 en la historia del g\u00e9nero como un hito.<br><br>Duraci\u00f3n: 2 h.14\u2019.-<br>**********************************************************************************************<\/p>\n\n\n\n<p><strong><u>Este Ciclo tambi\u00e9n comprende las siguientes pel\u00edculas:<br><\/u><\/strong>14 de Julio: La Vida en Rosa (Biograf\u00eda de Edith Piaff)<br>21 de Julio: Pasi\u00f3n y Locura (Biograf\u00eda de Johnny Cash, \u201crey\u201d de la m\u00fasica country)<br>28 de Julio: Nace una Estrella (Lady Gaga y Bradley Cooper en un film inolvidable)<\/p>\n","protected":false},"excerpt":{"rendered":"<p>El jueves, 07 de Julio a las 20:30hs en la Sala G\u00fcnther Blaas del Centro Cultural Cotesma, continuamos con la 6ta. Temporada de Proyecciones a la gorra. Como los a\u00f1os anteriores, la programaci\u00f3n y la presentaci\u00f3n est\u00e1 a cargo de Guillermo Ianniello, este a\u00f1o a beneficio del Club de Leones San Mart\u00edn de los Andes \u2013 Chapelco.Comenzando con el Ciclo N\u00b034 (Cuarto de este a\u00f1o), &hellip; <a href=\"https:\/\/cultura.sma.gob.ar\/?p=3585\" class=\"more-link\">Continue reading <span class=\"screen-reader-text\">&#8221;Cine a la gorra&#8221;: Rapsodia Bohemia<\/span><\/a><\/p>\n","protected":false},"author":1,"featured_media":297,"comment_status":"closed","ping_status":"","sticky":false,"template":"","format":"image","meta":{"footnotes":""},"categories":[2,9],"tags":[],"class_list":["post-3585","post","type-post","status-publish","format-image","has-post-thumbnail","hentry","category-ciudad-cultural","category-ultimas-noticias","post_format-post-format-image"],"_links":{"self":[{"href":"https:\/\/cultura.sma.gob.ar\/index.php?rest_route=\/wp\/v2\/posts\/3585","targetHints":{"allow":["GET"]}}],"collection":[{"href":"https:\/\/cultura.sma.gob.ar\/index.php?rest_route=\/wp\/v2\/posts"}],"about":[{"href":"https:\/\/cultura.sma.gob.ar\/index.php?rest_route=\/wp\/v2\/types\/post"}],"author":[{"embeddable":true,"href":"https:\/\/cultura.sma.gob.ar\/index.php?rest_route=\/wp\/v2\/users\/1"}],"replies":[{"embeddable":true,"href":"https:\/\/cultura.sma.gob.ar\/index.php?rest_route=%2Fwp%2Fv2%2Fcomments&post=3585"}],"version-history":[{"count":1,"href":"https:\/\/cultura.sma.gob.ar\/index.php?rest_route=\/wp\/v2\/posts\/3585\/revisions"}],"predecessor-version":[{"id":3587,"href":"https:\/\/cultura.sma.gob.ar\/index.php?rest_route=\/wp\/v2\/posts\/3585\/revisions\/3587"}],"wp:featuredmedia":[{"embeddable":true,"href":"https:\/\/cultura.sma.gob.ar\/index.php?rest_route=\/wp\/v2\/media\/297"}],"wp:attachment":[{"href":"https:\/\/cultura.sma.gob.ar\/index.php?rest_route=%2Fwp%2Fv2%2Fmedia&parent=3585"}],"wp:term":[{"taxonomy":"category","embeddable":true,"href":"https:\/\/cultura.sma.gob.ar\/index.php?rest_route=%2Fwp%2Fv2%2Fcategories&post=3585"},{"taxonomy":"post_tag","embeddable":true,"href":"https:\/\/cultura.sma.gob.ar\/index.php?rest_route=%2Fwp%2Fv2%2Ftags&post=3585"}],"curies":[{"name":"wp","href":"https:\/\/api.w.org\/{rel}","templated":true}]}}