{"id":3577,"date":"2022-07-19T10:00:27","date_gmt":"2022-07-19T13:00:27","guid":{"rendered":"http:\/\/cultura.sma.gob.ar\/?p=3577"},"modified":"2022-06-30T20:20:47","modified_gmt":"2022-06-30T23:20:47","slug":"septima-festival-infantil-de-invierno-la-verdad-verdadera-de-caperucita-roja","status":"publish","type":"post","link":"https:\/\/cultura.sma.gob.ar\/?p=3577","title":{"rendered":"S\u00e9ptima Festival Infantil de Invierno: &#8221;La verdad verdadera de Caperucita Roja&#8221;"},"content":{"rendered":"\n<figure class=\"wp-block-image size-large\"><img loading=\"lazy\" decoding=\"async\" width=\"1024\" height=\"1024\" src=\"http:\/\/cultura.sma.gob.ar\/wp-content\/uploads\/2022\/06\/fidi_redes-09-1-1024x1024.jpg\" alt=\"\" class=\"wp-image-3578\" srcset=\"https:\/\/cultura.sma.gob.ar\/wp-content\/uploads\/2022\/06\/fidi_redes-09-1-1024x1024.jpg 1024w, https:\/\/cultura.sma.gob.ar\/wp-content\/uploads\/2022\/06\/fidi_redes-09-1-300x300.jpg 300w, https:\/\/cultura.sma.gob.ar\/wp-content\/uploads\/2022\/06\/fidi_redes-09-1-150x150.jpg 150w, https:\/\/cultura.sma.gob.ar\/wp-content\/uploads\/2022\/06\/fidi_redes-09-1-768x768.jpg 768w, https:\/\/cultura.sma.gob.ar\/wp-content\/uploads\/2022\/06\/fidi_redes-09-1-90x90.jpg 90w, https:\/\/cultura.sma.gob.ar\/wp-content\/uploads\/2022\/06\/fidi_redes-09-1.jpg 1042w\" sizes=\"auto, (max-width: 1024px) 100vw, 1024px\" \/><\/figure>\n\n\n\n<figure class=\"wp-block-image size-large\"><img loading=\"lazy\" decoding=\"async\" width=\"1024\" height=\"1024\" src=\"http:\/\/cultura.sma.gob.ar\/wp-content\/uploads\/2022\/06\/fidi_redes-01-5-1024x1024.jpg\" alt=\"\" class=\"wp-image-3579\" srcset=\"https:\/\/cultura.sma.gob.ar\/wp-content\/uploads\/2022\/06\/fidi_redes-01-5-1024x1024.jpg 1024w, https:\/\/cultura.sma.gob.ar\/wp-content\/uploads\/2022\/06\/fidi_redes-01-5-300x300.jpg 300w, https:\/\/cultura.sma.gob.ar\/wp-content\/uploads\/2022\/06\/fidi_redes-01-5-150x150.jpg 150w, https:\/\/cultura.sma.gob.ar\/wp-content\/uploads\/2022\/06\/fidi_redes-01-5-768x768.jpg 768w, https:\/\/cultura.sma.gob.ar\/wp-content\/uploads\/2022\/06\/fidi_redes-01-5-90x90.jpg 90w, https:\/\/cultura.sma.gob.ar\/wp-content\/uploads\/2022\/06\/fidi_redes-01-5.jpg 1042w\" sizes=\"auto, (max-width: 1024px) 100vw, 1024px\" \/><\/figure>\n\n\n\n<p>&#8221;La verdad verdadera de Caperucita Roja&#8221;,  de la compa\u00f1\u00eda &#8221;Abrecocos&#8221;, nos proponen esta historia que no la hab\u00edas escuchado jam\u00e1s, donde el bosque ha cambiado, Caperucita lo\u00a0recorre sin miedo , ya no hay mas lobo que temer. El lobo? Ahora solo le queda escabullirse de las travesuras de caperucita y tambi\u00e9n de su abuelita, las cuales deber\u00e1n aprender una lecci\u00f3n. Quer\u00e9s descubrir que les paso a todos estos personajes? <\/p>\n\n\n\n<p>\u00a1TE\u00a0\u00a0ESPERAMOS!\u00a0\u00a0<\/p>\n\n\n\n<p>No te olvides de retirar tu entrada por el Teatro San Jos\u00e9 de lunes a viernes de 9 a 21 hs.<\/p>\n","protected":false},"excerpt":{"rendered":"<p>&#8221;La verdad verdadera de Caperucita Roja&#8221;, de la compa\u00f1\u00eda &#8221;Abrecocos&#8221;, nos proponen esta historia que no la hab\u00edas escuchado jam\u00e1s, donde el bosque ha cambiado, Caperucita lo\u00a0recorre sin miedo , ya no hay mas lobo que temer. El lobo? Ahora solo le queda escabullirse de las travesuras de caperucita y tambi\u00e9n de su abuelita, las cuales deber\u00e1n aprender una lecci\u00f3n. Quer\u00e9s descubrir que les paso &hellip; <a href=\"https:\/\/cultura.sma.gob.ar\/?p=3577\" class=\"more-link\">Continue reading <span class=\"screen-reader-text\">S\u00e9ptima Festival Infantil de Invierno: &#8221;La verdad verdadera de Caperucita Roja&#8221;<\/span><\/a><\/p>\n","protected":false},"author":1,"featured_media":292,"comment_status":"closed","ping_status":"","sticky":false,"template":"","format":"image","meta":{"footnotes":""},"categories":[8,9],"tags":[],"class_list":["post-3577","post","type-post","status-publish","format-image","has-post-thumbnail","hentry","category-teatro-san-jose","category-ultimas-noticias","post_format-post-format-image"],"_links":{"self":[{"href":"https:\/\/cultura.sma.gob.ar\/index.php?rest_route=\/wp\/v2\/posts\/3577","targetHints":{"allow":["GET"]}}],"collection":[{"href":"https:\/\/cultura.sma.gob.ar\/index.php?rest_route=\/wp\/v2\/posts"}],"about":[{"href":"https:\/\/cultura.sma.gob.ar\/index.php?rest_route=\/wp\/v2\/types\/post"}],"author":[{"embeddable":true,"href":"https:\/\/cultura.sma.gob.ar\/index.php?rest_route=\/wp\/v2\/users\/1"}],"replies":[{"embeddable":true,"href":"https:\/\/cultura.sma.gob.ar\/index.php?rest_route=%2Fwp%2Fv2%2Fcomments&post=3577"}],"version-history":[{"count":2,"href":"https:\/\/cultura.sma.gob.ar\/index.php?rest_route=\/wp\/v2\/posts\/3577\/revisions"}],"predecessor-version":[{"id":3581,"href":"https:\/\/cultura.sma.gob.ar\/index.php?rest_route=\/wp\/v2\/posts\/3577\/revisions\/3581"}],"wp:featuredmedia":[{"embeddable":true,"href":"https:\/\/cultura.sma.gob.ar\/index.php?rest_route=\/wp\/v2\/media\/292"}],"wp:attachment":[{"href":"https:\/\/cultura.sma.gob.ar\/index.php?rest_route=%2Fwp%2Fv2%2Fmedia&parent=3577"}],"wp:term":[{"taxonomy":"category","embeddable":true,"href":"https:\/\/cultura.sma.gob.ar\/index.php?rest_route=%2Fwp%2Fv2%2Fcategories&post=3577"},{"taxonomy":"post_tag","embeddable":true,"href":"https:\/\/cultura.sma.gob.ar\/index.php?rest_route=%2Fwp%2Fv2%2Ftags&post=3577"}],"curies":[{"name":"wp","href":"https:\/\/api.w.org\/{rel}","templated":true}]}}