{"id":3571,"date":"2022-07-14T10:00:15","date_gmt":"2022-07-14T13:00:15","guid":{"rendered":"http:\/\/cultura.sma.gob.ar\/?p=3571"},"modified":"2022-06-30T20:09:20","modified_gmt":"2022-06-30T23:09:20","slug":"septima-edicion-del-festival-infantil-de-invierno-tutti-frutti-y-mareas-profundas","status":"publish","type":"post","link":"https:\/\/cultura.sma.gob.ar\/?p=3571","title":{"rendered":"S\u00e9ptima Edici\u00f3n del Festival Infantil de Invierno: &#8221;Tutti Frutti&#8221; y &#8221;Mareas Profundas&#8221;"},"content":{"rendered":"\n<figure class=\"wp-block-image size-large\"><img loading=\"lazy\" decoding=\"async\" width=\"1024\" height=\"1024\" src=\"http:\/\/cultura.sma.gob.ar\/wp-content\/uploads\/2022\/06\/fidi_redes-07-1-1024x1024.jpg\" alt=\"\" class=\"wp-image-3573\" srcset=\"https:\/\/cultura.sma.gob.ar\/wp-content\/uploads\/2022\/06\/fidi_redes-07-1-1024x1024.jpg 1024w, https:\/\/cultura.sma.gob.ar\/wp-content\/uploads\/2022\/06\/fidi_redes-07-1-300x300.jpg 300w, https:\/\/cultura.sma.gob.ar\/wp-content\/uploads\/2022\/06\/fidi_redes-07-1-150x150.jpg 150w, https:\/\/cultura.sma.gob.ar\/wp-content\/uploads\/2022\/06\/fidi_redes-07-1-768x768.jpg 768w, https:\/\/cultura.sma.gob.ar\/wp-content\/uploads\/2022\/06\/fidi_redes-07-1-90x90.jpg 90w, https:\/\/cultura.sma.gob.ar\/wp-content\/uploads\/2022\/06\/fidi_redes-07-1.jpg 1042w\" sizes=\"auto, (max-width: 1024px) 100vw, 1024px\" \/><\/figure>\n\n\n\n<figure class=\"wp-block-image size-large\"><img loading=\"lazy\" decoding=\"async\" width=\"1024\" height=\"1024\" src=\"http:\/\/cultura.sma.gob.ar\/wp-content\/uploads\/2022\/06\/fidi_redes-08-1024x1024.jpg\" alt=\"\" class=\"wp-image-3574\" srcset=\"https:\/\/cultura.sma.gob.ar\/wp-content\/uploads\/2022\/06\/fidi_redes-08-1024x1024.jpg 1024w, https:\/\/cultura.sma.gob.ar\/wp-content\/uploads\/2022\/06\/fidi_redes-08-300x300.jpg 300w, https:\/\/cultura.sma.gob.ar\/wp-content\/uploads\/2022\/06\/fidi_redes-08-150x150.jpg 150w, https:\/\/cultura.sma.gob.ar\/wp-content\/uploads\/2022\/06\/fidi_redes-08-768x768.jpg 768w, https:\/\/cultura.sma.gob.ar\/wp-content\/uploads\/2022\/06\/fidi_redes-08-90x90.jpg 90w, https:\/\/cultura.sma.gob.ar\/wp-content\/uploads\/2022\/06\/fidi_redes-08.jpg 1042w\" sizes=\"auto, (max-width: 1024px) 100vw, 1024px\" \/><\/figure>\n\n\n\n<figure class=\"wp-block-image size-large\"><img loading=\"lazy\" decoding=\"async\" width=\"1024\" height=\"1024\" src=\"http:\/\/cultura.sma.gob.ar\/wp-content\/uploads\/2022\/06\/fidi_redes-01-4-1024x1024.jpg\" alt=\"\" class=\"wp-image-3575\" srcset=\"https:\/\/cultura.sma.gob.ar\/wp-content\/uploads\/2022\/06\/fidi_redes-01-4-1024x1024.jpg 1024w, https:\/\/cultura.sma.gob.ar\/wp-content\/uploads\/2022\/06\/fidi_redes-01-4-300x300.jpg 300w, https:\/\/cultura.sma.gob.ar\/wp-content\/uploads\/2022\/06\/fidi_redes-01-4-150x150.jpg 150w, https:\/\/cultura.sma.gob.ar\/wp-content\/uploads\/2022\/06\/fidi_redes-01-4-768x768.jpg 768w, https:\/\/cultura.sma.gob.ar\/wp-content\/uploads\/2022\/06\/fidi_redes-01-4-90x90.jpg 90w, https:\/\/cultura.sma.gob.ar\/wp-content\/uploads\/2022\/06\/fidi_redes-01-4.jpg 1042w\" sizes=\"auto, (max-width: 1024px) 100vw, 1024px\" \/><\/figure>\n\n\n\n<p>TUTTI FRUTTI \u201cun musical que recorre historias y leyendas, que se combinan con el juego, lo participativo y la diversi\u00f3n. Aprendemos sobre fauna de nuestra zona, trabalenguas para re\u00edrnos . Los esperamos para cantar y bailar, con variedad de instrumentos y estilos musicales.\u201d<\/p>\n\n\n\n<p>MAREAS PROFUNDAS\u00a0<em>\u201cTeatro de t\u00edteres, con direcci\u00f3n de Vanina Garaventa, nos adentra a un viaje a las profundidades lleno de aventuras. Un d\u00eda cambia todo para dos grandes amigas, Carolina y Vera, finalmente se animan a sumergirse al fondo del mar. Qu\u00e9 les pasara?, con qu\u00e9 se encontrar\u00e1n en ese mundo desconocido, ese d\u00eda distinto a todos los dem\u00e1s?. Te esperamos para que vengas a descubrirlo\u201d.\u00a0\u00a0<\/em><\/p>\n\n\n\n<p>No te olvides de retirar tu entrada por el Teatro San Jos\u00e9 de lunes a viernes de 9 a 21 hs.<\/p>\n","protected":false},"excerpt":{"rendered":"<p>TUTTI FRUTTI \u201cun musical que recorre historias y leyendas, que se combinan con el juego, lo participativo y la diversi\u00f3n. Aprendemos sobre fauna de nuestra zona, trabalenguas para re\u00edrnos . Los esperamos para cantar y bailar, con variedad de instrumentos y estilos musicales.\u201d MAREAS PROFUNDAS\u00a0\u201cTeatro de t\u00edteres, con direcci\u00f3n de Vanina Garaventa, nos adentra a un viaje a las profundidades lleno de aventuras. Un d\u00eda &hellip; <a href=\"https:\/\/cultura.sma.gob.ar\/?p=3571\" class=\"more-link\">Continue reading <span class=\"screen-reader-text\">S\u00e9ptima Edici\u00f3n del Festival Infantil de Invierno: &#8221;Tutti Frutti&#8221; y &#8221;Mareas Profundas&#8221;<\/span><\/a><\/p>\n","protected":false},"author":1,"featured_media":292,"comment_status":"closed","ping_status":"","sticky":false,"template":"","format":"image","meta":{"footnotes":""},"categories":[8,9],"tags":[],"class_list":["post-3571","post","type-post","status-publish","format-image","has-post-thumbnail","hentry","category-teatro-san-jose","category-ultimas-noticias","post_format-post-format-image"],"_links":{"self":[{"href":"https:\/\/cultura.sma.gob.ar\/index.php?rest_route=\/wp\/v2\/posts\/3571","targetHints":{"allow":["GET"]}}],"collection":[{"href":"https:\/\/cultura.sma.gob.ar\/index.php?rest_route=\/wp\/v2\/posts"}],"about":[{"href":"https:\/\/cultura.sma.gob.ar\/index.php?rest_route=\/wp\/v2\/types\/post"}],"author":[{"embeddable":true,"href":"https:\/\/cultura.sma.gob.ar\/index.php?rest_route=\/wp\/v2\/users\/1"}],"replies":[{"embeddable":true,"href":"https:\/\/cultura.sma.gob.ar\/index.php?rest_route=%2Fwp%2Fv2%2Fcomments&post=3571"}],"version-history":[{"count":1,"href":"https:\/\/cultura.sma.gob.ar\/index.php?rest_route=\/wp\/v2\/posts\/3571\/revisions"}],"predecessor-version":[{"id":3576,"href":"https:\/\/cultura.sma.gob.ar\/index.php?rest_route=\/wp\/v2\/posts\/3571\/revisions\/3576"}],"wp:featuredmedia":[{"embeddable":true,"href":"https:\/\/cultura.sma.gob.ar\/index.php?rest_route=\/wp\/v2\/media\/292"}],"wp:attachment":[{"href":"https:\/\/cultura.sma.gob.ar\/index.php?rest_route=%2Fwp%2Fv2%2Fmedia&parent=3571"}],"wp:term":[{"taxonomy":"category","embeddable":true,"href":"https:\/\/cultura.sma.gob.ar\/index.php?rest_route=%2Fwp%2Fv2%2Fcategories&post=3571"},{"taxonomy":"post_tag","embeddable":true,"href":"https:\/\/cultura.sma.gob.ar\/index.php?rest_route=%2Fwp%2Fv2%2Ftags&post=3571"}],"curies":[{"name":"wp","href":"https:\/\/api.w.org\/{rel}","templated":true}]}}