{"id":357,"date":"2020-10-03T11:54:40","date_gmt":"2020-10-03T14:54:40","guid":{"rendered":"http:\/\/cultura.sma.gob.ar\/?p=357"},"modified":"2020-10-03T11:59:34","modified_gmt":"2020-10-03T14:59:34","slug":"banda-de-moebius-online","status":"publish","type":"post","link":"https:\/\/cultura.sma.gob.ar\/?p=357","title":{"rendered":"Banda dE MoebiuS &#8211; online"},"content":{"rendered":"\n<figure class=\"wp-block-image size-large\"><img loading=\"lazy\" decoding=\"async\" width=\"1024\" height=\"1024\" src=\"http:\/\/cultura.sma.gob.ar\/wp-content\/uploads\/2020\/10\/MOEBIUS-FLYER-1024x1024.jpeg\" alt=\"\" class=\"wp-image-358\" srcset=\"https:\/\/cultura.sma.gob.ar\/wp-content\/uploads\/2020\/10\/MOEBIUS-FLYER-1024x1024.jpeg 1024w, https:\/\/cultura.sma.gob.ar\/wp-content\/uploads\/2020\/10\/MOEBIUS-FLYER-300x300.jpeg 300w, https:\/\/cultura.sma.gob.ar\/wp-content\/uploads\/2020\/10\/MOEBIUS-FLYER-150x150.jpeg 150w, https:\/\/cultura.sma.gob.ar\/wp-content\/uploads\/2020\/10\/MOEBIUS-FLYER-768x768.jpeg 768w, https:\/\/cultura.sma.gob.ar\/wp-content\/uploads\/2020\/10\/MOEBIUS-FLYER-90x90.jpeg 90w, https:\/\/cultura.sma.gob.ar\/wp-content\/uploads\/2020\/10\/MOEBIUS-FLYER.jpeg 1280w\" sizes=\"auto, (max-width: 1024px) 100vw, 1024px\" \/><\/figure>\n\n\n\n<p>El pr\u00f3ximo lunes, 05 de octubre comienza un nuevo Ciclo de Streamings desde nuestra Sala.&nbsp;<a href=\"https:\/\/correo.smandes.gov.ar\/owa\/redir.aspx?C=658bb62b3f1e4c1ea6ce4f061c7145b5&amp;URL=https%3a%2f%2fwww.facebook.com%2fMuSa-Musiques-de-SMA-108453024340023\" target=\"_blank\" rel=\"noreferrer noopener\">Mu.Sa.<\/a>, la asociaci\u00f3n de M\u00fasicos de San Mart\u00edn de los Andes comenzar\u00e1 una seria de conciertos desde la Sala G\u00fcnther Blaas.<\/p>\n\n\n\n<p>Para abrir el Ciclo, desde las 19hs, a trav\u00e9s de Facebook Live de la banda (<a href=\"https:\/\/correo.smandes.gov.ar\/owa\/redir.aspx?C=658bb62b3f1e4c1ea6ce4f061c7145b5&amp;URL=https%3a%2f%2fwww.facebook.com%2fbandademoebiusmusica%2f\" target=\"_blank\" rel=\"noreferrer noopener\">https:\/\/www.facebook.com\/bandademoebiusmusica\/<\/a>), llega Banda dE M\u00f6ebius \u201cOn line\u201d.<\/p>\n\n\n\n<p>Banda dE M\u00f6ebiuS nace a mediados de 2013 en San Mart\u00edn de los Andes, Neuqu\u00e9n, Patagonia Argentina. Integrada por m\u00fasicos locales, la agrupaci\u00f3n interpreta obras originales instrumentales. Sin encasillarse en ning\u00fan g\u00e9nero, BdM busca su sonido y su estilo deambulando por m\u00e9tricas inusuales y formas musicales que narran a la imaginaci\u00f3n suscitando im\u00e1genes. BdM est\u00e1 compuesta por colegas del buen vivir, simples hom\u00ednidos que, al lograr establecerse en una comunidad, desempe\u00f1\u00e1ndose activamente en tareas que han elegido y disfrutan, emplean parte de su tiempo libre en sumergirse en el excitante viaje que desde hace milenios conocemos como &#8220;el conjunto musical&#8221;. Un variopinto collage de individuos que patean todos para el mismo lado, pero sin rival. Una suerte de elenco de circo, de un circo de sonidos de colores, malabarismo con corcheas y tambores, y entre todo el caos, el control. Mientras la rueda gire lo mejor est\u00e1 por venir. Banda dE M\u00f6ebiuS es Tom\u00e1s Stancatti y Emmanuel Hermosilla en teclados, Jonatan Candel en bajo, Erni L\u00f3pez Osornio en bater\u00eda, Juan Kovadloff en guitarra, Marcelo De Bonis en trompeta, Mat\u00edas Foia en flauta traversa, Nicolas Sala en percusi\u00f3n. Siendo el repertorio compuesto por T.S., las piezas son presentadas a los operarios en el laboratorio de ensayos donde estas se ensamblan cuidadosa, aunque relajadamente. Se ensaya por la ma\u00f1ana, entre mates, galletas y una tertulia en modo aleatorio, se respira un aire de alegr\u00eda y distensi\u00f3n.<\/p>\n\n\n\n<p>Seguilos en sus redes:<br>FB:&nbsp;<a href=\"https:\/\/correo.smandes.gov.ar\/owa\/redir.aspx?C=658bb62b3f1e4c1ea6ce4f061c7145b5&amp;URL=https%3a%2f%2fwww.facebook.com%2fbandademoebiusmusica%2f\" target=\"_blank\" rel=\"noreferrer noopener\">\/bandademoebiusmusica<\/a><br>IG: @banda.de.moebius<\/p>\n","protected":false},"excerpt":{"rendered":"<p>El pr\u00f3ximo lunes, 05 de octubre comienza un nuevo Ciclo de Streaming. <a href=\"https:\/\/cultura.sma.gob.ar\/?p=357\" class=\"more-link\">Continue reading <span class=\"screen-reader-text\">Banda dE MoebiuS &#8211; online<\/span><\/a><\/p>\n","protected":false},"author":1,"featured_media":297,"comment_status":"closed","ping_status":"","sticky":false,"template":"","format":"image","meta":{"footnotes":""},"categories":[9],"tags":[],"class_list":["post-357","post","type-post","status-publish","format-image","has-post-thumbnail","hentry","category-ultimas-noticias","post_format-post-format-image"],"_links":{"self":[{"href":"https:\/\/cultura.sma.gob.ar\/index.php?rest_route=\/wp\/v2\/posts\/357","targetHints":{"allow":["GET"]}}],"collection":[{"href":"https:\/\/cultura.sma.gob.ar\/index.php?rest_route=\/wp\/v2\/posts"}],"about":[{"href":"https:\/\/cultura.sma.gob.ar\/index.php?rest_route=\/wp\/v2\/types\/post"}],"author":[{"embeddable":true,"href":"https:\/\/cultura.sma.gob.ar\/index.php?rest_route=\/wp\/v2\/users\/1"}],"replies":[{"embeddable":true,"href":"https:\/\/cultura.sma.gob.ar\/index.php?rest_route=%2Fwp%2Fv2%2Fcomments&post=357"}],"version-history":[{"count":2,"href":"https:\/\/cultura.sma.gob.ar\/index.php?rest_route=\/wp\/v2\/posts\/357\/revisions"}],"predecessor-version":[{"id":360,"href":"https:\/\/cultura.sma.gob.ar\/index.php?rest_route=\/wp\/v2\/posts\/357\/revisions\/360"}],"wp:featuredmedia":[{"embeddable":true,"href":"https:\/\/cultura.sma.gob.ar\/index.php?rest_route=\/wp\/v2\/media\/297"}],"wp:attachment":[{"href":"https:\/\/cultura.sma.gob.ar\/index.php?rest_route=%2Fwp%2Fv2%2Fmedia&parent=357"}],"wp:term":[{"taxonomy":"category","embeddable":true,"href":"https:\/\/cultura.sma.gob.ar\/index.php?rest_route=%2Fwp%2Fv2%2Fcategories&post=357"},{"taxonomy":"post_tag","embeddable":true,"href":"https:\/\/cultura.sma.gob.ar\/index.php?rest_route=%2Fwp%2Fv2%2Ftags&post=357"}],"curies":[{"name":"wp","href":"https:\/\/api.w.org\/{rel}","templated":true}]}}