{"id":3567,"date":"2022-07-13T09:15:50","date_gmt":"2022-07-13T12:15:50","guid":{"rendered":"http:\/\/cultura.sma.gob.ar\/?p=3567"},"modified":"2022-06-30T19:35:47","modified_gmt":"2022-06-30T22:35:47","slug":"septima-edicion-del-festival-infantil-de-invierno-anti-buenitos-y-tutti-frutti","status":"publish","type":"post","link":"https:\/\/cultura.sma.gob.ar\/?p=3567","title":{"rendered":"S\u00e9ptima Edici\u00f3n del Festival Infantil de Invierno: &#8221;Anti-Buenitos&#8221; y &#8221;Tutti Frutti&#8221;"},"content":{"rendered":"\n<figure class=\"wp-block-image size-large\"><img loading=\"lazy\" decoding=\"async\" width=\"1024\" height=\"1024\" src=\"http:\/\/cultura.sma.gob.ar\/wp-content\/uploads\/2022\/06\/fidi_redes-06-1024x1024.jpg\" alt=\"\" class=\"wp-image-3568\" srcset=\"https:\/\/cultura.sma.gob.ar\/wp-content\/uploads\/2022\/06\/fidi_redes-06-1024x1024.jpg 1024w, https:\/\/cultura.sma.gob.ar\/wp-content\/uploads\/2022\/06\/fidi_redes-06-300x300.jpg 300w, https:\/\/cultura.sma.gob.ar\/wp-content\/uploads\/2022\/06\/fidi_redes-06-150x150.jpg 150w, https:\/\/cultura.sma.gob.ar\/wp-content\/uploads\/2022\/06\/fidi_redes-06-768x768.jpg 768w, https:\/\/cultura.sma.gob.ar\/wp-content\/uploads\/2022\/06\/fidi_redes-06-90x90.jpg 90w, https:\/\/cultura.sma.gob.ar\/wp-content\/uploads\/2022\/06\/fidi_redes-06.jpg 1042w\" sizes=\"auto, (max-width: 1024px) 100vw, 1024px\" \/><\/figure>\n\n\n\n<figure class=\"wp-block-image size-large\"><img loading=\"lazy\" decoding=\"async\" width=\"1024\" height=\"1024\" src=\"http:\/\/cultura.sma.gob.ar\/wp-content\/uploads\/2022\/06\/fidi_redes-01-3-1024x1024.jpg\" alt=\"\" class=\"wp-image-3569\" srcset=\"https:\/\/cultura.sma.gob.ar\/wp-content\/uploads\/2022\/06\/fidi_redes-01-3-1024x1024.jpg 1024w, https:\/\/cultura.sma.gob.ar\/wp-content\/uploads\/2022\/06\/fidi_redes-01-3-300x300.jpg 300w, https:\/\/cultura.sma.gob.ar\/wp-content\/uploads\/2022\/06\/fidi_redes-01-3-150x150.jpg 150w, https:\/\/cultura.sma.gob.ar\/wp-content\/uploads\/2022\/06\/fidi_redes-01-3-768x768.jpg 768w, https:\/\/cultura.sma.gob.ar\/wp-content\/uploads\/2022\/06\/fidi_redes-01-3-90x90.jpg 90w, https:\/\/cultura.sma.gob.ar\/wp-content\/uploads\/2022\/06\/fidi_redes-01-3.jpg 1042w\" sizes=\"auto, (max-width: 1024px) 100vw, 1024px\" \/><\/figure>\n\n\n\n<p>&#8221;Anti-Buenitos&#8221;<\/p>\n\n\n\n<p>\u201cCuenteros Comunitarios nos traen la obra Ani-buenitos, una propuesta de historias graciosas y tiernas. Un recorrido por el mundo de los animalitos, su importancia y valor, a trav\u00e9s de cuentos y m\u00fasica. Te invitamos a sumergirte en un pleno viaje m\u00e1gico, de personajes y melod\u00eda\u201d.\u00a0\u00a0<\/p>\n\n\n\n<p>&#8221;Tutti Frutti&#8221; <\/p>\n\n\n\n<p>Un musical que recorre historias y leyendas, que se combinan con el juego, lo participativo y la diversi\u00f3n. Aprendemos sobre fauna de nuestra zona, trabalenguas para re\u00edrnos . Los esperamos para cantar y bailar, con variedad de instrumentos y estilos musicales.\u201d<\/p>\n\n\n\n<p>No te olvides de retirar tu entrada por el Teatro San jos\u00e9 de lunes a viernes de 9 a 21 hs.<\/p>\n","protected":false},"excerpt":{"rendered":"<p>&#8221;Anti-Buenitos&#8221; \u201cCuenteros Comunitarios nos traen la obra Ani-buenitos, una propuesta de historias graciosas y tiernas. Un recorrido por el mundo de los animalitos, su importancia y valor, a trav\u00e9s de cuentos y m\u00fasica. Te invitamos a sumergirte en un pleno viaje m\u00e1gico, de personajes y melod\u00eda\u201d.\u00a0\u00a0 &#8221;Tutti Frutti&#8221; Un musical que recorre historias y leyendas, que se combinan con el juego, lo participativo y la &hellip; <a href=\"https:\/\/cultura.sma.gob.ar\/?p=3567\" class=\"more-link\">Continue reading <span class=\"screen-reader-text\">S\u00e9ptima Edici\u00f3n del Festival Infantil de Invierno: &#8221;Anti-Buenitos&#8221; y &#8221;Tutti Frutti&#8221;<\/span><\/a><\/p>\n","protected":false},"author":1,"featured_media":292,"comment_status":"closed","ping_status":"","sticky":false,"template":"","format":"image","meta":{"footnotes":""},"categories":[8,9],"tags":[],"class_list":["post-3567","post","type-post","status-publish","format-image","has-post-thumbnail","hentry","category-teatro-san-jose","category-ultimas-noticias","post_format-post-format-image"],"_links":{"self":[{"href":"https:\/\/cultura.sma.gob.ar\/index.php?rest_route=\/wp\/v2\/posts\/3567","targetHints":{"allow":["GET"]}}],"collection":[{"href":"https:\/\/cultura.sma.gob.ar\/index.php?rest_route=\/wp\/v2\/posts"}],"about":[{"href":"https:\/\/cultura.sma.gob.ar\/index.php?rest_route=\/wp\/v2\/types\/post"}],"author":[{"embeddable":true,"href":"https:\/\/cultura.sma.gob.ar\/index.php?rest_route=\/wp\/v2\/users\/1"}],"replies":[{"embeddable":true,"href":"https:\/\/cultura.sma.gob.ar\/index.php?rest_route=%2Fwp%2Fv2%2Fcomments&post=3567"}],"version-history":[{"count":1,"href":"https:\/\/cultura.sma.gob.ar\/index.php?rest_route=\/wp\/v2\/posts\/3567\/revisions"}],"predecessor-version":[{"id":3570,"href":"https:\/\/cultura.sma.gob.ar\/index.php?rest_route=\/wp\/v2\/posts\/3567\/revisions\/3570"}],"wp:featuredmedia":[{"embeddable":true,"href":"https:\/\/cultura.sma.gob.ar\/index.php?rest_route=\/wp\/v2\/media\/292"}],"wp:attachment":[{"href":"https:\/\/cultura.sma.gob.ar\/index.php?rest_route=%2Fwp%2Fv2%2Fmedia&parent=3567"}],"wp:term":[{"taxonomy":"category","embeddable":true,"href":"https:\/\/cultura.sma.gob.ar\/index.php?rest_route=%2Fwp%2Fv2%2Fcategories&post=3567"},{"taxonomy":"post_tag","embeddable":true,"href":"https:\/\/cultura.sma.gob.ar\/index.php?rest_route=%2Fwp%2Fv2%2Ftags&post=3567"}],"curies":[{"name":"wp","href":"https:\/\/api.w.org\/{rel}","templated":true}]}}