{"id":3563,"date":"2022-07-12T09:55:53","date_gmt":"2022-07-12T12:55:53","guid":{"rendered":"http:\/\/cultura.sma.gob.ar\/?p=3563"},"modified":"2022-06-30T19:30:45","modified_gmt":"2022-06-30T22:30:45","slug":"septima-edicion-del-festival-infantil-de-invierno-el-peuma-de-emma","status":"publish","type":"post","link":"https:\/\/cultura.sma.gob.ar\/?p=3563","title":{"rendered":"S\u00e9ptima edici\u00f3n del Festival Infantil de Invierno: &#8221;El Peuma de Emma&#8221;"},"content":{"rendered":"\n<figure class=\"wp-block-image size-large\"><img loading=\"lazy\" decoding=\"async\" width=\"1024\" height=\"1024\" src=\"http:\/\/cultura.sma.gob.ar\/wp-content\/uploads\/2022\/06\/fidi_redes-05-1024x1024.jpg\" alt=\"\" class=\"wp-image-3564\" srcset=\"https:\/\/cultura.sma.gob.ar\/wp-content\/uploads\/2022\/06\/fidi_redes-05-1024x1024.jpg 1024w, https:\/\/cultura.sma.gob.ar\/wp-content\/uploads\/2022\/06\/fidi_redes-05-300x300.jpg 300w, https:\/\/cultura.sma.gob.ar\/wp-content\/uploads\/2022\/06\/fidi_redes-05-150x150.jpg 150w, https:\/\/cultura.sma.gob.ar\/wp-content\/uploads\/2022\/06\/fidi_redes-05-768x768.jpg 768w, https:\/\/cultura.sma.gob.ar\/wp-content\/uploads\/2022\/06\/fidi_redes-05-90x90.jpg 90w, https:\/\/cultura.sma.gob.ar\/wp-content\/uploads\/2022\/06\/fidi_redes-05.jpg 1042w\" sizes=\"auto, (max-width: 1024px) 100vw, 1024px\" \/><\/figure>\n\n\n\n<figure class=\"wp-block-image size-large\"><img loading=\"lazy\" decoding=\"async\" width=\"1024\" height=\"1024\" src=\"http:\/\/cultura.sma.gob.ar\/wp-content\/uploads\/2022\/06\/fidi_redes-01-2-1024x1024.jpg\" alt=\"\" class=\"wp-image-3565\" srcset=\"https:\/\/cultura.sma.gob.ar\/wp-content\/uploads\/2022\/06\/fidi_redes-01-2-1024x1024.jpg 1024w, https:\/\/cultura.sma.gob.ar\/wp-content\/uploads\/2022\/06\/fidi_redes-01-2-300x300.jpg 300w, https:\/\/cultura.sma.gob.ar\/wp-content\/uploads\/2022\/06\/fidi_redes-01-2-150x150.jpg 150w, https:\/\/cultura.sma.gob.ar\/wp-content\/uploads\/2022\/06\/fidi_redes-01-2-768x768.jpg 768w, https:\/\/cultura.sma.gob.ar\/wp-content\/uploads\/2022\/06\/fidi_redes-01-2-90x90.jpg 90w, https:\/\/cultura.sma.gob.ar\/wp-content\/uploads\/2022\/06\/fidi_redes-01-2.jpg 1042w\" sizes=\"auto, (max-width: 1024px) 100vw, 1024px\" \/><\/figure>\n\n\n\n<p>\u201cTeatro de t\u00edteres con la compa\u00f1\u00eda Piltrafa nos traen la historia de una ni\u00f1a que sue\u00f1a con la b\u00fasqueda de sus ra\u00edces, pero para encontrarla deber\u00e1 adentrarse en los misteriosos bosques del sur, en las profundidades de la tierra y viajar mas all\u00e1 de las nubes. Deber\u00e1 ella ser muy valiente, para las aventuras que le aguardan y que compartiremos con ustedes\u201d<\/p>\n\n\n\n<p>No te olvides de retirar tu entrada por el Teatro San jos\u00e9 de lunes a viernes de 9 a 21 hs.<\/p>\n","protected":false},"excerpt":{"rendered":"<p>\u201cTeatro de t\u00edteres con la compa\u00f1\u00eda Piltrafa nos traen la historia de una ni\u00f1a que sue\u00f1a con la b\u00fasqueda de sus ra\u00edces, pero para encontrarla deber\u00e1 adentrarse en los misteriosos bosques del sur, en las profundidades de la tierra y viajar mas all\u00e1 de las nubes. Deber\u00e1 ella ser muy valiente, para las aventuras que le aguardan y que compartiremos con ustedes\u201d No te olvides &hellip; <a href=\"https:\/\/cultura.sma.gob.ar\/?p=3563\" class=\"more-link\">Continue reading <span class=\"screen-reader-text\">S\u00e9ptima edici\u00f3n del Festival Infantil de Invierno: &#8221;El Peuma de Emma&#8221;<\/span><\/a><\/p>\n","protected":false},"author":1,"featured_media":292,"comment_status":"closed","ping_status":"","sticky":false,"template":"","format":"image","meta":{"footnotes":""},"categories":[8,9],"tags":[],"class_list":["post-3563","post","type-post","status-publish","format-image","has-post-thumbnail","hentry","category-teatro-san-jose","category-ultimas-noticias","post_format-post-format-image"],"_links":{"self":[{"href":"https:\/\/cultura.sma.gob.ar\/index.php?rest_route=\/wp\/v2\/posts\/3563","targetHints":{"allow":["GET"]}}],"collection":[{"href":"https:\/\/cultura.sma.gob.ar\/index.php?rest_route=\/wp\/v2\/posts"}],"about":[{"href":"https:\/\/cultura.sma.gob.ar\/index.php?rest_route=\/wp\/v2\/types\/post"}],"author":[{"embeddable":true,"href":"https:\/\/cultura.sma.gob.ar\/index.php?rest_route=\/wp\/v2\/users\/1"}],"replies":[{"embeddable":true,"href":"https:\/\/cultura.sma.gob.ar\/index.php?rest_route=%2Fwp%2Fv2%2Fcomments&post=3563"}],"version-history":[{"count":1,"href":"https:\/\/cultura.sma.gob.ar\/index.php?rest_route=\/wp\/v2\/posts\/3563\/revisions"}],"predecessor-version":[{"id":3566,"href":"https:\/\/cultura.sma.gob.ar\/index.php?rest_route=\/wp\/v2\/posts\/3563\/revisions\/3566"}],"wp:featuredmedia":[{"embeddable":true,"href":"https:\/\/cultura.sma.gob.ar\/index.php?rest_route=\/wp\/v2\/media\/292"}],"wp:attachment":[{"href":"https:\/\/cultura.sma.gob.ar\/index.php?rest_route=%2Fwp%2Fv2%2Fmedia&parent=3563"}],"wp:term":[{"taxonomy":"category","embeddable":true,"href":"https:\/\/cultura.sma.gob.ar\/index.php?rest_route=%2Fwp%2Fv2%2Fcategories&post=3563"},{"taxonomy":"post_tag","embeddable":true,"href":"https:\/\/cultura.sma.gob.ar\/index.php?rest_route=%2Fwp%2Fv2%2Ftags&post=3563"}],"curies":[{"name":"wp","href":"https:\/\/api.w.org\/{rel}","templated":true}]}}