{"id":3557,"date":"2022-07-07T09:15:21","date_gmt":"2022-07-07T12:15:21","guid":{"rendered":"http:\/\/cultura.sma.gob.ar\/?p=3557"},"modified":"2022-06-30T19:25:32","modified_gmt":"2022-06-30T22:25:32","slug":"septima-edicion-del-festival-infantil-de-invierno-suenos-de-pastel-y-magia-payasa","status":"publish","type":"post","link":"https:\/\/cultura.sma.gob.ar\/?p=3557","title":{"rendered":"S\u00e9ptima edici\u00f3n del Festival Infantil de Invierno: &#8221;Sue\u00f1os de Pastel&#8221; y &#8221;Magia Payasa&#8221;"},"content":{"rendered":"\n<figure class=\"wp-block-image size-large\"><img loading=\"lazy\" decoding=\"async\" width=\"1024\" height=\"1024\" src=\"http:\/\/cultura.sma.gob.ar\/wp-content\/uploads\/2022\/06\/fidi_redes-02-1-1024x1024.jpg\" alt=\"\" class=\"wp-image-3558\" srcset=\"https:\/\/cultura.sma.gob.ar\/wp-content\/uploads\/2022\/06\/fidi_redes-02-1-1024x1024.jpg 1024w, https:\/\/cultura.sma.gob.ar\/wp-content\/uploads\/2022\/06\/fidi_redes-02-1-300x300.jpg 300w, https:\/\/cultura.sma.gob.ar\/wp-content\/uploads\/2022\/06\/fidi_redes-02-1-150x150.jpg 150w, https:\/\/cultura.sma.gob.ar\/wp-content\/uploads\/2022\/06\/fidi_redes-02-1-768x768.jpg 768w, https:\/\/cultura.sma.gob.ar\/wp-content\/uploads\/2022\/06\/fidi_redes-02-1-90x90.jpg 90w, https:\/\/cultura.sma.gob.ar\/wp-content\/uploads\/2022\/06\/fidi_redes-02-1.jpg 1042w\" sizes=\"auto, (max-width: 1024px) 100vw, 1024px\" \/><\/figure>\n\n\n\n<figure class=\"wp-block-image size-large\"><img loading=\"lazy\" decoding=\"async\" width=\"1024\" height=\"1024\" src=\"http:\/\/cultura.sma.gob.ar\/wp-content\/uploads\/2022\/06\/fidi_redes-04-1024x1024.jpg\" alt=\"\" class=\"wp-image-3559\" srcset=\"https:\/\/cultura.sma.gob.ar\/wp-content\/uploads\/2022\/06\/fidi_redes-04-1024x1024.jpg 1024w, https:\/\/cultura.sma.gob.ar\/wp-content\/uploads\/2022\/06\/fidi_redes-04-300x300.jpg 300w, https:\/\/cultura.sma.gob.ar\/wp-content\/uploads\/2022\/06\/fidi_redes-04-150x150.jpg 150w, https:\/\/cultura.sma.gob.ar\/wp-content\/uploads\/2022\/06\/fidi_redes-04-768x768.jpg 768w, https:\/\/cultura.sma.gob.ar\/wp-content\/uploads\/2022\/06\/fidi_redes-04-90x90.jpg 90w, https:\/\/cultura.sma.gob.ar\/wp-content\/uploads\/2022\/06\/fidi_redes-04.jpg 1042w\" sizes=\"auto, (max-width: 1024px) 100vw, 1024px\" \/><\/figure>\n\n\n\n<figure class=\"wp-block-image size-large\"><img loading=\"lazy\" decoding=\"async\" width=\"1024\" height=\"1024\" src=\"http:\/\/cultura.sma.gob.ar\/wp-content\/uploads\/2022\/06\/fidi_redes-01-1-1024x1024.jpg\" alt=\"\" class=\"wp-image-3561\" srcset=\"https:\/\/cultura.sma.gob.ar\/wp-content\/uploads\/2022\/06\/fidi_redes-01-1-1024x1024.jpg 1024w, https:\/\/cultura.sma.gob.ar\/wp-content\/uploads\/2022\/06\/fidi_redes-01-1-300x300.jpg 300w, https:\/\/cultura.sma.gob.ar\/wp-content\/uploads\/2022\/06\/fidi_redes-01-1-150x150.jpg 150w, https:\/\/cultura.sma.gob.ar\/wp-content\/uploads\/2022\/06\/fidi_redes-01-1-768x768.jpg 768w, https:\/\/cultura.sma.gob.ar\/wp-content\/uploads\/2022\/06\/fidi_redes-01-1-90x90.jpg 90w, https:\/\/cultura.sma.gob.ar\/wp-content\/uploads\/2022\/06\/fidi_redes-01-1.jpg 1042w\" sizes=\"auto, (max-width: 1024px) 100vw, 1024px\" \/><\/figure>\n\n\n\n<p>SUE\u00d1OS DE PASTEL<\/p>\n\n\n\n<p>Con Do\u00f1a Filipa, la popular pastelera y Miguelito, el misterioso y simp\u00e1tico ayudante, &#8221;Sue\u00f1os de Pastel&#8221; se transforma en un camino dulce para recorrer y darse cuenta que los sue\u00f1os est\u00e1n m\u00e1s cercanos de lo que uno cree. Que no hace falta estar dormido para so\u00f1ar, una historia que intenta alentar los sue\u00f1os y deseos de la ni\u00f1ez, sabiendo que los grandes mucho podemos hacer.<br><\/p>\n\n\n\n<p>&#8221;Magia Payasa&#8221;<\/p>\n\n\n\n<p>Magia, m\u00fasica y juegos. Desarrollando un espect\u00e1culo c\u00f3mico, din\u00e1mico y participativo con el p\u00fablico. Dorotea y barbacoa llegan a montar un show de Magia de alto nivel, Pero como siempre de la mano de dos payasos. No todo sale como lo esperaban. Necesitaran de la ayuda del P\u00fablico para poder concretar sus haza\u00f1as. Locura y humor caracterizan al show, que mezclada con la t\u00e9cnica de medio tel\u00f3n Generan un espect\u00e1culo desopilante y entretenido. Un espect\u00e1culo fuera de los estereotipos y est\u00e1ndares de la Magia, Un espect\u00e1culo tierno y para toda la familia.<\/p>\n\n\n\n<p>No te olvides de retirar tu entrada por el Teatro San jos\u00e9 de lunes a viernes de 9 a 21 hs.<\/p>\n","protected":false},"excerpt":{"rendered":"<p>SUE\u00d1OS DE PASTEL Con Do\u00f1a Filipa, la popular pastelera y Miguelito, el misterioso y simp\u00e1tico ayudante, &#8221;Sue\u00f1os de Pastel&#8221; se transforma en un camino dulce para recorrer y darse cuenta que los sue\u00f1os est\u00e1n m\u00e1s cercanos de lo que uno cree. Que no hace falta estar dormido para so\u00f1ar, una historia que intenta alentar los sue\u00f1os y deseos de la ni\u00f1ez, sabiendo que los grandes &hellip; <a href=\"https:\/\/cultura.sma.gob.ar\/?p=3557\" class=\"more-link\">Continue reading <span class=\"screen-reader-text\">S\u00e9ptima edici\u00f3n del Festival Infantil de Invierno: &#8221;Sue\u00f1os de Pastel&#8221; y &#8221;Magia Payasa&#8221;<\/span><\/a><\/p>\n","protected":false},"author":1,"featured_media":292,"comment_status":"closed","ping_status":"","sticky":false,"template":"","format":"image","meta":{"footnotes":""},"categories":[8,9],"tags":[],"class_list":["post-3557","post","type-post","status-publish","format-image","has-post-thumbnail","hentry","category-teatro-san-jose","category-ultimas-noticias","post_format-post-format-image"],"_links":{"self":[{"href":"https:\/\/cultura.sma.gob.ar\/index.php?rest_route=\/wp\/v2\/posts\/3557","targetHints":{"allow":["GET"]}}],"collection":[{"href":"https:\/\/cultura.sma.gob.ar\/index.php?rest_route=\/wp\/v2\/posts"}],"about":[{"href":"https:\/\/cultura.sma.gob.ar\/index.php?rest_route=\/wp\/v2\/types\/post"}],"author":[{"embeddable":true,"href":"https:\/\/cultura.sma.gob.ar\/index.php?rest_route=\/wp\/v2\/users\/1"}],"replies":[{"embeddable":true,"href":"https:\/\/cultura.sma.gob.ar\/index.php?rest_route=%2Fwp%2Fv2%2Fcomments&post=3557"}],"version-history":[{"count":2,"href":"https:\/\/cultura.sma.gob.ar\/index.php?rest_route=\/wp\/v2\/posts\/3557\/revisions"}],"predecessor-version":[{"id":3562,"href":"https:\/\/cultura.sma.gob.ar\/index.php?rest_route=\/wp\/v2\/posts\/3557\/revisions\/3562"}],"wp:featuredmedia":[{"embeddable":true,"href":"https:\/\/cultura.sma.gob.ar\/index.php?rest_route=\/wp\/v2\/media\/292"}],"wp:attachment":[{"href":"https:\/\/cultura.sma.gob.ar\/index.php?rest_route=%2Fwp%2Fv2%2Fmedia&parent=3557"}],"wp:term":[{"taxonomy":"category","embeddable":true,"href":"https:\/\/cultura.sma.gob.ar\/index.php?rest_route=%2Fwp%2Fv2%2Fcategories&post=3557"},{"taxonomy":"post_tag","embeddable":true,"href":"https:\/\/cultura.sma.gob.ar\/index.php?rest_route=%2Fwp%2Fv2%2Ftags&post=3557"}],"curies":[{"name":"wp","href":"https:\/\/api.w.org\/{rel}","templated":true}]}}