{"id":3554,"date":"2022-07-06T09:30:12","date_gmt":"2022-07-06T12:30:12","guid":{"rendered":"http:\/\/cultura.sma.gob.ar\/?p=3554"},"modified":"2022-06-30T19:09:34","modified_gmt":"2022-06-30T22:09:34","slug":"septima-edicion-del-festival-infantil-de-invierno-suenos-de-pastel","status":"publish","type":"post","link":"https:\/\/cultura.sma.gob.ar\/?p=3554","title":{"rendered":"S\u00e9ptima edici\u00f3n del Festival Infantil de Invierno: &#8221;Sue\u00f1os de Pastel&#8221;"},"content":{"rendered":"\n<figure class=\"wp-block-image size-large\"><img loading=\"lazy\" decoding=\"async\" width=\"1024\" height=\"1024\" src=\"http:\/\/cultura.sma.gob.ar\/wp-content\/uploads\/2022\/06\/fidi_redes-02-1024x1024.jpg\" alt=\"\" class=\"wp-image-3555\" srcset=\"https:\/\/cultura.sma.gob.ar\/wp-content\/uploads\/2022\/06\/fidi_redes-02-1024x1024.jpg 1024w, https:\/\/cultura.sma.gob.ar\/wp-content\/uploads\/2022\/06\/fidi_redes-02-300x300.jpg 300w, https:\/\/cultura.sma.gob.ar\/wp-content\/uploads\/2022\/06\/fidi_redes-02-150x150.jpg 150w, https:\/\/cultura.sma.gob.ar\/wp-content\/uploads\/2022\/06\/fidi_redes-02-768x768.jpg 768w, https:\/\/cultura.sma.gob.ar\/wp-content\/uploads\/2022\/06\/fidi_redes-02-90x90.jpg 90w, https:\/\/cultura.sma.gob.ar\/wp-content\/uploads\/2022\/06\/fidi_redes-02.jpg 1042w\" sizes=\"auto, (max-width: 1024px) 100vw, 1024px\" \/><\/figure>\n\n\n\n<p>\u201cEste S\u00e1bado 9\u00a0\u00a0de julio te esperamos en la inauguraci\u00f3n de la S\u00e9ptima edici\u00f3n del Festival Infantil de Invierno. En esta ocasi\u00f3n, Los Entretenedores nos vienen a presentar a nuestra localidad su obra Sue\u00f1os de Pastel, a las 17:30 hs. En el Teatro San Jos\u00e9. Te contamos un poquito de que se trata, pero solo un poquito, porque el\u00a0\u00a0resto ten\u00e9s que verlo vos:\u00a0\u00a0<\/p>\n\n\n\n<p>Con Do\u00f1a Filipa, la popular pastelera y Miguelito, el misterioso y simp\u00e1tico ayudante, SUE\u00d1OS DE PASTEL\u00a0\u00a0se transforma en un camino dulce para recorrer y darse cuenta que los sue\u00f1os est\u00e1n m\u00e1s cercanos de lo que uno cree . Que no hace FALTA ESTAR DORMIDO PARA SO\u00d1AR, una Historia que intenta alentar los sue\u00f1os y deseos de la ni\u00f1ez, sabiendo que los grandes mucho podemos hacer \u201c.\u00a0<\/p>\n\n\n\n<p>No te olvides de retirar tu entrada por el Teatro San Jos\u00e9 de lunes a viernes de 9 a 21 hs.<\/p>\n","protected":false},"excerpt":{"rendered":"<p>\u201cEste S\u00e1bado 9\u00a0\u00a0de julio te esperamos en la inauguraci\u00f3n de la S\u00e9ptima edici\u00f3n del Festival Infantil de Invierno. En esta ocasi\u00f3n, Los Entretenedores nos vienen a presentar a nuestra localidad su obra Sue\u00f1os de Pastel, a las 17:30 hs. En el Teatro San Jos\u00e9. Te contamos un poquito de que se trata, pero solo un poquito, porque el\u00a0\u00a0resto ten\u00e9s que verlo vos:\u00a0\u00a0 Con Do\u00f1a Filipa, &hellip; <a href=\"https:\/\/cultura.sma.gob.ar\/?p=3554\" class=\"more-link\">Continue reading <span class=\"screen-reader-text\">S\u00e9ptima edici\u00f3n del Festival Infantil de Invierno: &#8221;Sue\u00f1os de Pastel&#8221;<\/span><\/a><\/p>\n","protected":false},"author":1,"featured_media":292,"comment_status":"closed","ping_status":"","sticky":false,"template":"","format":"image","meta":{"footnotes":""},"categories":[8,9],"tags":[],"class_list":["post-3554","post","type-post","status-publish","format-image","has-post-thumbnail","hentry","category-teatro-san-jose","category-ultimas-noticias","post_format-post-format-image"],"_links":{"self":[{"href":"https:\/\/cultura.sma.gob.ar\/index.php?rest_route=\/wp\/v2\/posts\/3554","targetHints":{"allow":["GET"]}}],"collection":[{"href":"https:\/\/cultura.sma.gob.ar\/index.php?rest_route=\/wp\/v2\/posts"}],"about":[{"href":"https:\/\/cultura.sma.gob.ar\/index.php?rest_route=\/wp\/v2\/types\/post"}],"author":[{"embeddable":true,"href":"https:\/\/cultura.sma.gob.ar\/index.php?rest_route=\/wp\/v2\/users\/1"}],"replies":[{"embeddable":true,"href":"https:\/\/cultura.sma.gob.ar\/index.php?rest_route=%2Fwp%2Fv2%2Fcomments&post=3554"}],"version-history":[{"count":1,"href":"https:\/\/cultura.sma.gob.ar\/index.php?rest_route=\/wp\/v2\/posts\/3554\/revisions"}],"predecessor-version":[{"id":3556,"href":"https:\/\/cultura.sma.gob.ar\/index.php?rest_route=\/wp\/v2\/posts\/3554\/revisions\/3556"}],"wp:featuredmedia":[{"embeddable":true,"href":"https:\/\/cultura.sma.gob.ar\/index.php?rest_route=\/wp\/v2\/media\/292"}],"wp:attachment":[{"href":"https:\/\/cultura.sma.gob.ar\/index.php?rest_route=%2Fwp%2Fv2%2Fmedia&parent=3554"}],"wp:term":[{"taxonomy":"category","embeddable":true,"href":"https:\/\/cultura.sma.gob.ar\/index.php?rest_route=%2Fwp%2Fv2%2Fcategories&post=3554"},{"taxonomy":"post_tag","embeddable":true,"href":"https:\/\/cultura.sma.gob.ar\/index.php?rest_route=%2Fwp%2Fv2%2Ftags&post=3554"}],"curies":[{"name":"wp","href":"https:\/\/api.w.org\/{rel}","templated":true}]}}