{"id":3551,"date":"2022-07-01T09:40:01","date_gmt":"2022-07-01T12:40:01","guid":{"rendered":"http:\/\/cultura.sma.gob.ar\/?p=3551"},"modified":"2022-06-30T19:05:49","modified_gmt":"2022-06-30T22:05:49","slug":"preparate-para-la-septima-edicion-del-festival-infantil-de-invierno","status":"publish","type":"post","link":"https:\/\/cultura.sma.gob.ar\/?p=3551","title":{"rendered":"Preparate para la S\u00e9ptima Edici\u00f3n del Festival Infantil de Invierno"},"content":{"rendered":"\n<figure class=\"wp-block-image size-large\"><img loading=\"lazy\" decoding=\"async\" width=\"1024\" height=\"1024\" src=\"http:\/\/cultura.sma.gob.ar\/wp-content\/uploads\/2022\/06\/fidi_redes-01-1024x1024.jpg\" alt=\"\" class=\"wp-image-3552\" srcset=\"https:\/\/cultura.sma.gob.ar\/wp-content\/uploads\/2022\/06\/fidi_redes-01-1024x1024.jpg 1024w, https:\/\/cultura.sma.gob.ar\/wp-content\/uploads\/2022\/06\/fidi_redes-01-300x300.jpg 300w, https:\/\/cultura.sma.gob.ar\/wp-content\/uploads\/2022\/06\/fidi_redes-01-150x150.jpg 150w, https:\/\/cultura.sma.gob.ar\/wp-content\/uploads\/2022\/06\/fidi_redes-01-768x768.jpg 768w, https:\/\/cultura.sma.gob.ar\/wp-content\/uploads\/2022\/06\/fidi_redes-01-90x90.jpg 90w, https:\/\/cultura.sma.gob.ar\/wp-content\/uploads\/2022\/06\/fidi_redes-01.jpg 1042w\" sizes=\"auto, (max-width: 1024px) 100vw, 1024px\" \/><\/figure>\n\n\n\n<p><em>En esta edici\u00f3n se vienen propuestas para que bailes, cantes, vueles la imaginaci\u00f3n y por sobre todo, compartir muchas risas.\u00a0\u00a0<\/em><\/p>\n\n\n\n<p><em>Disfruta tus vacaciones con la programaci\u00f3n de funciones, tanto en el Teatro San Jos\u00e9 como en la Escuela num. 313. Desde el s\u00e1bado 9, al s\u00e1bado 23 de julio del 2022.&nbsp;<\/em><\/p>\n\n\n\n<p><em>\u00a0No te olvides que las entradas son a la gorra, y pod\u00e9s retirarlas previamente a partir del lunes 4 de julio por el Teatro San Jos\u00e9, de 9 a 21 hs. \u00a1Les compartimos la programaci\u00f3n, las esperamos familias!<\/em><\/p>\n","protected":false},"excerpt":{"rendered":"<p>En esta edici\u00f3n se vienen propuestas para que bailes, cantes, vueles la imaginaci\u00f3n y por sobre todo, compartir muchas risas.\u00a0\u00a0 Disfruta tus vacaciones con la programaci\u00f3n de funciones, tanto en el Teatro San Jos\u00e9 como en la Escuela num. 313. Desde el s\u00e1bado 9, al s\u00e1bado 23 de julio del 2022.&nbsp; \u00a0No te olvides que las entradas son a la gorra, y pod\u00e9s retirarlas previamente &hellip; <a href=\"https:\/\/cultura.sma.gob.ar\/?p=3551\" class=\"more-link\">Continue reading <span class=\"screen-reader-text\">Preparate para la S\u00e9ptima Edici\u00f3n del Festival Infantil de Invierno<\/span><\/a><\/p>\n","protected":false},"author":1,"featured_media":292,"comment_status":"closed","ping_status":"","sticky":false,"template":"","format":"image","meta":{"footnotes":""},"categories":[8],"tags":[],"class_list":["post-3551","post","type-post","status-publish","format-image","has-post-thumbnail","hentry","category-teatro-san-jose","post_format-post-format-image"],"_links":{"self":[{"href":"https:\/\/cultura.sma.gob.ar\/index.php?rest_route=\/wp\/v2\/posts\/3551","targetHints":{"allow":["GET"]}}],"collection":[{"href":"https:\/\/cultura.sma.gob.ar\/index.php?rest_route=\/wp\/v2\/posts"}],"about":[{"href":"https:\/\/cultura.sma.gob.ar\/index.php?rest_route=\/wp\/v2\/types\/post"}],"author":[{"embeddable":true,"href":"https:\/\/cultura.sma.gob.ar\/index.php?rest_route=\/wp\/v2\/users\/1"}],"replies":[{"embeddable":true,"href":"https:\/\/cultura.sma.gob.ar\/index.php?rest_route=%2Fwp%2Fv2%2Fcomments&post=3551"}],"version-history":[{"count":1,"href":"https:\/\/cultura.sma.gob.ar\/index.php?rest_route=\/wp\/v2\/posts\/3551\/revisions"}],"predecessor-version":[{"id":3553,"href":"https:\/\/cultura.sma.gob.ar\/index.php?rest_route=\/wp\/v2\/posts\/3551\/revisions\/3553"}],"wp:featuredmedia":[{"embeddable":true,"href":"https:\/\/cultura.sma.gob.ar\/index.php?rest_route=\/wp\/v2\/media\/292"}],"wp:attachment":[{"href":"https:\/\/cultura.sma.gob.ar\/index.php?rest_route=%2Fwp%2Fv2%2Fmedia&parent=3551"}],"wp:term":[{"taxonomy":"category","embeddable":true,"href":"https:\/\/cultura.sma.gob.ar\/index.php?rest_route=%2Fwp%2Fv2%2Fcategories&post=3551"},{"taxonomy":"post_tag","embeddable":true,"href":"https:\/\/cultura.sma.gob.ar\/index.php?rest_route=%2Fwp%2Fv2%2Ftags&post=3551"}],"curies":[{"name":"wp","href":"https:\/\/api.w.org\/{rel}","templated":true}]}}