{"id":3548,"date":"2022-07-01T09:00:36","date_gmt":"2022-07-01T12:00:36","guid":{"rendered":"http:\/\/cultura.sma.gob.ar\/?p=3548"},"modified":"2022-06-30T18:47:06","modified_gmt":"2022-06-30T21:47:06","slug":"capacitacion-en-diseno-de-proyectos-para-artistas-visuales","status":"publish","type":"post","link":"https:\/\/cultura.sma.gob.ar\/?p=3548","title":{"rendered":"Capacitaci\u00f3n en Dise\u00f1o de Proyectos para artistas visuales"},"content":{"rendered":"\n<figure class=\"wp-block-image size-large\"><img loading=\"lazy\" decoding=\"async\" width=\"1024\" height=\"1024\" src=\"http:\/\/cultura.sma.gob.ar\/wp-content\/uploads\/2022\/06\/Flyer-Taller-Diseno-de-Proyectos-Artisticos-1024x1024.jpg\" alt=\"\" class=\"wp-image-3549\" srcset=\"https:\/\/cultura.sma.gob.ar\/wp-content\/uploads\/2022\/06\/Flyer-Taller-Diseno-de-Proyectos-Artisticos-1024x1024.jpg 1024w, https:\/\/cultura.sma.gob.ar\/wp-content\/uploads\/2022\/06\/Flyer-Taller-Diseno-de-Proyectos-Artisticos-300x300.jpg 300w, https:\/\/cultura.sma.gob.ar\/wp-content\/uploads\/2022\/06\/Flyer-Taller-Diseno-de-Proyectos-Artisticos-150x150.jpg 150w, https:\/\/cultura.sma.gob.ar\/wp-content\/uploads\/2022\/06\/Flyer-Taller-Diseno-de-Proyectos-Artisticos-768x768.jpg 768w, https:\/\/cultura.sma.gob.ar\/wp-content\/uploads\/2022\/06\/Flyer-Taller-Diseno-de-Proyectos-Artisticos-1536x1536.jpg 1536w, https:\/\/cultura.sma.gob.ar\/wp-content\/uploads\/2022\/06\/Flyer-Taller-Diseno-de-Proyectos-Artisticos-90x90.jpg 90w, https:\/\/cultura.sma.gob.ar\/wp-content\/uploads\/2022\/06\/Flyer-Taller-Diseno-de-Proyectos-Artisticos.jpg 1875w\" sizes=\"auto, (max-width: 1024px) 100vw, 1024px\" \/><\/figure>\n\n\n\n<p>En el marco del arribo a San Mart\u00edn de los Andes de la muestra Berni,  &#8221;Ramona y otras mujeres&#8221;, su productora, Patricia Moreira, ofrecer\u00e1 un Taller de Proyectos Art\u00edsticos destinado a artistas visuales de nuestra ciudad.<\/p>\n\n\n\n<p>Este Taller se ofrecer\u00e1 el mi\u00e9rcoles 6 de julio, a las 19 hs en Espacio Trama, y representa una excelente oportunidad de capacitarse con esta gestora cultural que cuenta con una amplia experiencia en el \u00e1mbito de las artes visuales y que hoy se desempe\u00f1a como Directora de Gesti\u00f3n Universitaria en el Museo de la C\u00e1rcova y como miembro del Centro de Estudios del Mercosur Cultural.<\/p>\n\n\n\n<p>La capacitaci\u00f3n, especialmente destinada a artistas visuales de San Mart\u00edn de los Andes, brindar\u00e1 herramientas para el dise\u00f1o, la planificaci\u00f3n e implementaci\u00f3n de proyectos art\u00edsticos, para el armado de carpetas a presentar en galer\u00edas y museos y para la gesti\u00f3n de apoyos econ\u00f3micos y fuentes de financiaci\u00f3n.<\/p>\n\n\n\n<p>La participaci\u00f3n es gratuita y con inscripci\u00f3n previa, llamando al 424804 o escribiendo a salamunicipal.chapitel@gmail.com <\/p>\n","protected":false},"excerpt":{"rendered":"<p>En el marco del arribo a San Mart\u00edn de los Andes de la muestra Berni, &#8221;Ramona y otras mujeres&#8221;, su productora, Patricia Moreira, ofrecer\u00e1 un Taller de Proyectos Art\u00edsticos destinado a artistas visuales de nuestra ciudad. Este Taller se ofrecer\u00e1 el mi\u00e9rcoles 6 de julio, a las 19 hs en Espacio Trama, y representa una excelente oportunidad de capacitarse con esta gestora cultural que cuenta &hellip; <a href=\"https:\/\/cultura.sma.gob.ar\/?p=3548\" class=\"more-link\">Continue reading <span class=\"screen-reader-text\">Capacitaci\u00f3n en Dise\u00f1o de Proyectos para artistas visuales<\/span><\/a><\/p>\n","protected":false},"author":1,"featured_media":295,"comment_status":"closed","ping_status":"","sticky":false,"template":"","format":"image","meta":{"footnotes":""},"categories":[6,9],"tags":[],"class_list":["post-3548","post","type-post","status-publish","format-image","has-post-thumbnail","hentry","category-sala-lidaura-chapitel","category-ultimas-noticias","post_format-post-format-image"],"_links":{"self":[{"href":"https:\/\/cultura.sma.gob.ar\/index.php?rest_route=\/wp\/v2\/posts\/3548","targetHints":{"allow":["GET"]}}],"collection":[{"href":"https:\/\/cultura.sma.gob.ar\/index.php?rest_route=\/wp\/v2\/posts"}],"about":[{"href":"https:\/\/cultura.sma.gob.ar\/index.php?rest_route=\/wp\/v2\/types\/post"}],"author":[{"embeddable":true,"href":"https:\/\/cultura.sma.gob.ar\/index.php?rest_route=\/wp\/v2\/users\/1"}],"replies":[{"embeddable":true,"href":"https:\/\/cultura.sma.gob.ar\/index.php?rest_route=%2Fwp%2Fv2%2Fcomments&post=3548"}],"version-history":[{"count":1,"href":"https:\/\/cultura.sma.gob.ar\/index.php?rest_route=\/wp\/v2\/posts\/3548\/revisions"}],"predecessor-version":[{"id":3550,"href":"https:\/\/cultura.sma.gob.ar\/index.php?rest_route=\/wp\/v2\/posts\/3548\/revisions\/3550"}],"wp:featuredmedia":[{"embeddable":true,"href":"https:\/\/cultura.sma.gob.ar\/index.php?rest_route=\/wp\/v2\/media\/295"}],"wp:attachment":[{"href":"https:\/\/cultura.sma.gob.ar\/index.php?rest_route=%2Fwp%2Fv2%2Fmedia&parent=3548"}],"wp:term":[{"taxonomy":"category","embeddable":true,"href":"https:\/\/cultura.sma.gob.ar\/index.php?rest_route=%2Fwp%2Fv2%2Fcategories&post=3548"},{"taxonomy":"post_tag","embeddable":true,"href":"https:\/\/cultura.sma.gob.ar\/index.php?rest_route=%2Fwp%2Fv2%2Ftags&post=3548"}],"curies":[{"name":"wp","href":"https:\/\/api.w.org\/{rel}","templated":true}]}}