{"id":3536,"date":"2022-06-29T19:45:57","date_gmt":"2022-06-29T22:45:57","guid":{"rendered":"http:\/\/cultura.sma.gob.ar\/?p=3536"},"modified":"2022-06-29T19:45:57","modified_gmt":"2022-06-29T22:45:57","slug":"llega-la-muestra-de-mitad-de-ano-de-la-orquesta-musicantes-a-la-sala-amankay","status":"publish","type":"post","link":"https:\/\/cultura.sma.gob.ar\/?p=3536","title":{"rendered":"Llega la Muestra de Mitad de A\u00f1o de la Orquesta Musicantes a la Sala Amankay"},"content":{"rendered":"\n<figure class=\"wp-block-image size-large\"><img loading=\"lazy\" decoding=\"async\" width=\"854\" height=\"1024\" src=\"http:\/\/cultura.sma.gob.ar\/wp-content\/uploads\/2022\/06\/Flyer-Musicantes-854x1024.jpg\" alt=\"\" class=\"wp-image-3537\" srcset=\"https:\/\/cultura.sma.gob.ar\/wp-content\/uploads\/2022\/06\/Flyer-Musicantes-854x1024.jpg 854w, https:\/\/cultura.sma.gob.ar\/wp-content\/uploads\/2022\/06\/Flyer-Musicantes-250x300.jpg 250w, https:\/\/cultura.sma.gob.ar\/wp-content\/uploads\/2022\/06\/Flyer-Musicantes-768x920.jpg 768w, https:\/\/cultura.sma.gob.ar\/wp-content\/uploads\/2022\/06\/Flyer-Musicantes-75x90.jpg 75w, https:\/\/cultura.sma.gob.ar\/wp-content\/uploads\/2022\/06\/Flyer-Musicantes.jpg 1068w\" sizes=\"auto, (max-width: 854px) 100vw, 854px\" \/><\/figure>\n\n\n\n<p>El pr\u00f3ximo mi\u00e9rcoles 06 de julio, a las 20hs, en nuestra querida Sala Amankay, compartiremos la MUESTRA DE LA ORQUESTA DE INSTRUMENTOS LATINOAMERICANOS \u201cMUSICANTES\u201d.<\/p>\n\n\n\n<p>Despu\u00e9s de cuatro a\u00f1os llega una nueva Muestra Concierto con p\u00fablico, para poder disfrutar todo el trabajo de la Orquesta.<br>Es el cierre primera etapa anual, con la actuaci\u00f3n de las tres formaciones; Inicial, Infantil y Juvenil, en la que el protagonismo se lo llevara la Orquesta Inicial, compuesta por un nutrido n\u00famero de musicantes ingresantes este a\u00f1o. Siendo la primera vez que se exponen con su instrumento ante el p\u00fablico en formaci\u00f3n orquestal.<\/p>\n\n\n\n<p>Entrada Libre y Gratuita.- Bono Contribuci\u00f3n.<br>Consultas: +54 9 3548 57-3910<\/p>\n","protected":false},"excerpt":{"rendered":"<p>El pr\u00f3ximo mi\u00e9rcoles 06 de julio, a las 20hs, en nuestra querida Sala Amankay, compartiremos la MUESTRA DE LA ORQUESTA DE INSTRUMENTOS LATINOAMERICANOS \u201cMUSICANTES\u201d. Despu\u00e9s de cuatro a\u00f1os llega una nueva Muestra Concierto con p\u00fablico, para poder disfrutar todo el trabajo de la Orquesta.Es el cierre primera etapa anual, con la actuaci\u00f3n de las tres formaciones; Inicial, Infantil y Juvenil, en la que el protagonismo &hellip; <a href=\"https:\/\/cultura.sma.gob.ar\/?p=3536\" class=\"more-link\">Continue reading <span class=\"screen-reader-text\">Llega la Muestra de Mitad de A\u00f1o de la Orquesta Musicantes a la Sala Amankay<\/span><\/a><\/p>\n","protected":false},"author":1,"featured_media":297,"comment_status":"closed","ping_status":"","sticky":false,"template":"","format":"image","meta":{"footnotes":""},"categories":[2,9],"tags":[],"class_list":["post-3536","post","type-post","status-publish","format-image","has-post-thumbnail","hentry","category-ciudad-cultural","category-ultimas-noticias","post_format-post-format-image"],"_links":{"self":[{"href":"https:\/\/cultura.sma.gob.ar\/index.php?rest_route=\/wp\/v2\/posts\/3536","targetHints":{"allow":["GET"]}}],"collection":[{"href":"https:\/\/cultura.sma.gob.ar\/index.php?rest_route=\/wp\/v2\/posts"}],"about":[{"href":"https:\/\/cultura.sma.gob.ar\/index.php?rest_route=\/wp\/v2\/types\/post"}],"author":[{"embeddable":true,"href":"https:\/\/cultura.sma.gob.ar\/index.php?rest_route=\/wp\/v2\/users\/1"}],"replies":[{"embeddable":true,"href":"https:\/\/cultura.sma.gob.ar\/index.php?rest_route=%2Fwp%2Fv2%2Fcomments&post=3536"}],"version-history":[{"count":1,"href":"https:\/\/cultura.sma.gob.ar\/index.php?rest_route=\/wp\/v2\/posts\/3536\/revisions"}],"predecessor-version":[{"id":3538,"href":"https:\/\/cultura.sma.gob.ar\/index.php?rest_route=\/wp\/v2\/posts\/3536\/revisions\/3538"}],"wp:featuredmedia":[{"embeddable":true,"href":"https:\/\/cultura.sma.gob.ar\/index.php?rest_route=\/wp\/v2\/media\/297"}],"wp:attachment":[{"href":"https:\/\/cultura.sma.gob.ar\/index.php?rest_route=%2Fwp%2Fv2%2Fmedia&parent=3536"}],"wp:term":[{"taxonomy":"category","embeddable":true,"href":"https:\/\/cultura.sma.gob.ar\/index.php?rest_route=%2Fwp%2Fv2%2Fcategories&post=3536"},{"taxonomy":"post_tag","embeddable":true,"href":"https:\/\/cultura.sma.gob.ar\/index.php?rest_route=%2Fwp%2Fv2%2Ftags&post=3536"}],"curies":[{"name":"wp","href":"https:\/\/api.w.org\/{rel}","templated":true}]}}