{"id":3532,"date":"2022-06-29T19:43:38","date_gmt":"2022-06-29T22:43:38","guid":{"rendered":"http:\/\/cultura.sma.gob.ar\/?p=3532"},"modified":"2022-06-29T19:43:38","modified_gmt":"2022-06-29T22:43:38","slug":"conversatorio-mujeres-en-el-territorio-carlota-thumann","status":"publish","type":"post","link":"https:\/\/cultura.sma.gob.ar\/?p=3532","title":{"rendered":"Conversatorio &#8221;Mujeres en el territorio&#8221; &#8211; Carlota Thumann"},"content":{"rendered":"\n<figure class=\"wp-block-image size-large\"><img loading=\"lazy\" decoding=\"async\" width=\"768\" height=\"768\" src=\"http:\/\/cultura.sma.gob.ar\/wp-content\/uploads\/2022\/06\/Carlota-Thumann.jpeg\" alt=\"\" class=\"wp-image-3533\" srcset=\"https:\/\/cultura.sma.gob.ar\/wp-content\/uploads\/2022\/06\/Carlota-Thumann.jpeg 768w, https:\/\/cultura.sma.gob.ar\/wp-content\/uploads\/2022\/06\/Carlota-Thumann-300x300.jpeg 300w, https:\/\/cultura.sma.gob.ar\/wp-content\/uploads\/2022\/06\/Carlota-Thumann-150x150.jpeg 150w, https:\/\/cultura.sma.gob.ar\/wp-content\/uploads\/2022\/06\/Carlota-Thumann-90x90.jpeg 90w\" sizes=\"auto, (max-width: 768px) 100vw, 768px\" \/><\/figure>\n\n\n\n<p>En el marco del Programa Multiplicar\u00a0Cultura, el Ministerio de las Culturas invita a la comunidad a participar del Tercer Conversatorio\u00a0<strong>\u201cMUJERES EN EL TERRITORIO\u201d,<\/strong>\u00a0a desarrollarse el\u00a0<strong>VIERNES 1 de JULIO<\/strong>\u00a0a las\u00a0<strong>18 horas<\/strong>, a trav\u00e9s de la plataforma Zoom.<\/p>\n\n\n\n<p>Esta actividad\u00a0<strong>INSCRIPCI\u00d3N PREVIA<\/strong>\u00a0al mail\u00a0<a href=\"https:\/\/correo.smandes.gov.ar\/owa\/redir.aspx?C=2124a3864e1b478bbc3ea0c30f588dfe&amp;URL=mailto%3ahistoriaculturaldelneuquen%40gmail.com\">historiaculturaldelneuquen@gmail.com<\/a><\/p>\n\n\n\n<p>En esta oportunidad presentaremos&nbsp;<strong>\u201cCarlota Thumann y la mirada femenina de la Norpatagonia a trav\u00e9s de la fotograf\u00eda\u201d.<\/strong><\/p>\n\n\n\n<p>Junto a nuestra invitada especial, Ana Mar\u00eda de Mena, transitaremos la figura y obra de la Sra. Thumann, referente de la fotograf\u00eda patag\u00f3nica. Su legado no solo constituye un valioso registro documental de San Mart\u00edn de los Andes y alrededores, sino tambi\u00e9n permite indagar en las individualidades que aportaron las miradas femeninas al conocimiento de la historia patag\u00f3nica.<\/p>\n\n\n\n<p><strong>Ana Mar\u00eda de Mena<\/strong><\/p>\n\n\n\n<p>Es periodista y tiene un m\u00e1ster en Historia de la Cultura Argentina (INAP-Presidencia de la Naci\u00f3n). Particip\u00f3 en Gesti\u00f3n cultural en el pr\u00f3ximo milenio editado por Fundaci\u00f3n Ciccus y en la publicaci\u00f3n de obras de Guillermo E. Hudson, para Ediciones Pancho Aquino y EDIBER. Como autora y editora public\u00f3 \u201cDon Gregorio\u201d (1999), agotado y reimpreso; \u201cNari nari\u201d, Premio Acc\u00e9sit en el certamen de la C\u00e1mara Argentina de Publicaciones Los Libros Mejor Impresos y Editados en la Argentina en el 2001-2002 y \u201cPaloma Blanca\u201d, biograf\u00eda de Julieta Lanteri, Faja de Honor de la Sociedad de Escritores de la Provincia de Buenos Aires. Desde 2004 vive en San Mart\u00edn de los Andes donde su Semblanza de Miguel Camino aporta datos del poeta y reveladoras cartas de Ernesto Sabato. Autora de \u201cHotel Los Andes\u201d (EDUCO), \u201cHistoria de una Postal\u201d (CEM y Ediciones Patalibro), \u201c70 a\u00f1os de pasi\u00f3n en el Lacar\u201d (Club Lacar), \u201cContar los 40\u201d (EDUCO) y \u201cMaclovia y el pueblo\u201d (Ediciones de Autor). Ha acompa\u00f1ado al Ministerio de las Culturas en innumerables actividades, siempre comprometida con la puesta en valor del Patrimonio Neuquino.<\/p>\n","protected":false},"excerpt":{"rendered":"<p>En el marco del Programa Multiplicar\u00a0Cultura, el Ministerio de las Culturas invita a la comunidad a participar del Tercer Conversatorio\u00a0\u201cMUJERES EN EL TERRITORIO\u201d,\u00a0a desarrollarse el\u00a0VIERNES 1 de JULIO\u00a0a las\u00a018 horas, a trav\u00e9s de la plataforma Zoom. Esta actividad\u00a0INSCRIPCI\u00d3N PREVIA\u00a0al mail\u00a0historiaculturaldelneuquen@gmail.com En esta oportunidad presentaremos&nbsp;\u201cCarlota Thumann y la mirada femenina de la Norpatagonia a trav\u00e9s de la fotograf\u00eda\u201d. Junto a nuestra invitada especial, Ana Mar\u00eda de &hellip; <a href=\"https:\/\/cultura.sma.gob.ar\/?p=3532\" class=\"more-link\">Continue reading <span class=\"screen-reader-text\">Conversatorio &#8221;Mujeres en el territorio&#8221; &#8211; Carlota Thumann<\/span><\/a><\/p>\n","protected":false},"author":1,"featured_media":297,"comment_status":"closed","ping_status":"","sticky":false,"template":"","format":"image","meta":{"footnotes":""},"categories":[2,9],"tags":[],"class_list":["post-3532","post","type-post","status-publish","format-image","has-post-thumbnail","hentry","category-ciudad-cultural","category-ultimas-noticias","post_format-post-format-image"],"_links":{"self":[{"href":"https:\/\/cultura.sma.gob.ar\/index.php?rest_route=\/wp\/v2\/posts\/3532","targetHints":{"allow":["GET"]}}],"collection":[{"href":"https:\/\/cultura.sma.gob.ar\/index.php?rest_route=\/wp\/v2\/posts"}],"about":[{"href":"https:\/\/cultura.sma.gob.ar\/index.php?rest_route=\/wp\/v2\/types\/post"}],"author":[{"embeddable":true,"href":"https:\/\/cultura.sma.gob.ar\/index.php?rest_route=\/wp\/v2\/users\/1"}],"replies":[{"embeddable":true,"href":"https:\/\/cultura.sma.gob.ar\/index.php?rest_route=%2Fwp%2Fv2%2Fcomments&post=3532"}],"version-history":[{"count":1,"href":"https:\/\/cultura.sma.gob.ar\/index.php?rest_route=\/wp\/v2\/posts\/3532\/revisions"}],"predecessor-version":[{"id":3534,"href":"https:\/\/cultura.sma.gob.ar\/index.php?rest_route=\/wp\/v2\/posts\/3532\/revisions\/3534"}],"wp:featuredmedia":[{"embeddable":true,"href":"https:\/\/cultura.sma.gob.ar\/index.php?rest_route=\/wp\/v2\/media\/297"}],"wp:attachment":[{"href":"https:\/\/cultura.sma.gob.ar\/index.php?rest_route=%2Fwp%2Fv2%2Fmedia&parent=3532"}],"wp:term":[{"taxonomy":"category","embeddable":true,"href":"https:\/\/cultura.sma.gob.ar\/index.php?rest_route=%2Fwp%2Fv2%2Fcategories&post=3532"},{"taxonomy":"post_tag","embeddable":true,"href":"https:\/\/cultura.sma.gob.ar\/index.php?rest_route=%2Fwp%2Fv2%2Ftags&post=3532"}],"curies":[{"name":"wp","href":"https:\/\/api.w.org\/{rel}","templated":true}]}}