{"id":3527,"date":"2022-06-29T19:48:13","date_gmt":"2022-06-29T22:48:13","guid":{"rendered":"http:\/\/cultura.sma.gob.ar\/?p=3527"},"modified":"2022-07-06T15:47:04","modified_gmt":"2022-07-06T18:47:04","slug":"berni-en-san-martin-de-los-andes","status":"publish","type":"post","link":"https:\/\/cultura.sma.gob.ar\/?p=3527","title":{"rendered":"Berni en San Mart\u00edn de los Andes"},"content":{"rendered":"\n<figure class=\"wp-block-image size-large\"><img loading=\"lazy\" decoding=\"async\" width=\"1024\" height=\"1024\" src=\"http:\/\/cultura.sma.gob.ar\/wp-content\/uploads\/2022\/06\/Flyer-Berni-para-redes-OK-1024x1024.jpg\" alt=\"\" class=\"wp-image-3528\" srcset=\"https:\/\/cultura.sma.gob.ar\/wp-content\/uploads\/2022\/06\/Flyer-Berni-para-redes-OK-1024x1024.jpg 1024w, https:\/\/cultura.sma.gob.ar\/wp-content\/uploads\/2022\/06\/Flyer-Berni-para-redes-OK-300x300.jpg 300w, https:\/\/cultura.sma.gob.ar\/wp-content\/uploads\/2022\/06\/Flyer-Berni-para-redes-OK-150x150.jpg 150w, https:\/\/cultura.sma.gob.ar\/wp-content\/uploads\/2022\/06\/Flyer-Berni-para-redes-OK-768x768.jpg 768w, https:\/\/cultura.sma.gob.ar\/wp-content\/uploads\/2022\/06\/Flyer-Berni-para-redes-OK-1536x1536.jpg 1536w, https:\/\/cultura.sma.gob.ar\/wp-content\/uploads\/2022\/06\/Flyer-Berni-para-redes-OK-90x90.jpg 90w, https:\/\/cultura.sma.gob.ar\/wp-content\/uploads\/2022\/06\/Flyer-Berni-para-redes-OK.jpg 1875w\" sizes=\"auto, (max-width: 1024px) 100vw, 1024px\" \/><\/figure>\n\n\n\n<p>San Mart\u00edn de los Andes tiene el privilegio de recibir la muestra \u201cRamona y otras mujeres\u201d de Antonio Berni, uno de los m\u00e1s grandes y populares artistas pl\u00e1sticos que ha dado la Argentina, autor de las obras \u201cDesocupados\u201d y \u201cManifestaci\u00f3n\u201d y de los entra\u00f1ables personajes \u201cJuanito Laguna\u201d y \u201cRamona Montiel\u201d.<\/p>\n\n\n\n<p>La muestra de Berni en San Mart\u00edn de los Andes estar\u00e1 expuesta en la Sala Lidaura Chapitel del 8 al 28 de julio, para que todos los vecinos y vecinas puedan visitarla y aprovechar esta oportunidad \u00fanica de acceder, con entrada libre y gratuita, a una de las colecciones m\u00e1s destacadas de la magistral obra de este artista argentino.<\/p>\n\n\n\n<p>La muestra \u201cRamona y otros mujeres\u201d que estar\u00e1 expuesta en la Sala Municipal de Exposiciones Lidaura Chapitel est\u00e1 compuesta por xilo-collages, dibujos y fotograf\u00edas que retratan a su emblem\u00e1tico personaje, Ramona Montiel, y a otras mujeres fotografiadas por Berni en los prost\u00edbulos de Rosario, en la d\u00e9cada del 30.<\/p>\n\n\n\n<p>Se inaugurar\u00e1 el viernes 8 de julio, a las 20 hs con la presencia de la productora art\u00edstica de la muestra Patricia Moreira y la curadora Cecilia Rabossi, y permanecer\u00e1 abierta de lunes a domingo, ofreciendo visitas guiadas todos los d\u00edas a las 18 hs.<\/p>\n\n\n\n<p>El arribo de la obra de Berni a San Mart\u00edn de los Andes es posible gracias al<br>acompa\u00f1amiento de la Legislatura de la Provincia del Neuqu\u00e9n e inaugura un corredor cultural que en los meses subsiguientes llevar\u00e1 esta misma muestra a la Sala Marta Such, de Zapala, y a la Sala Emilio Saraco, de la ciudad de Neuqu\u00e9n.<\/p>\n","protected":false},"excerpt":{"rendered":"<p>San Mart\u00edn de los Andes tiene el privilegio de recibir la muestra \u201cRamona y otras mujeres\u201d de Antonio Berni, uno de los m\u00e1s grandes y populares artistas pl\u00e1sticos que ha dado la Argentina, autor de las obras \u201cDesocupados\u201d y \u201cManifestaci\u00f3n\u201d y de los entra\u00f1ables personajes \u201cJuanito Laguna\u201d y \u201cRamona Montiel\u201d. La muestra de Berni en San Mart\u00edn de los Andes estar\u00e1 expuesta en la Sala &hellip; <a href=\"https:\/\/cultura.sma.gob.ar\/?p=3527\" class=\"more-link\">Continue reading <span class=\"screen-reader-text\">Berni en San Mart\u00edn de los Andes<\/span><\/a><\/p>\n","protected":false},"author":1,"featured_media":295,"comment_status":"closed","ping_status":"","sticky":false,"template":"","format":"image","meta":{"footnotes":""},"categories":[6,9],"tags":[],"class_list":["post-3527","post","type-post","status-publish","format-image","has-post-thumbnail","hentry","category-sala-lidaura-chapitel","category-ultimas-noticias","post_format-post-format-image"],"_links":{"self":[{"href":"https:\/\/cultura.sma.gob.ar\/index.php?rest_route=\/wp\/v2\/posts\/3527","targetHints":{"allow":["GET"]}}],"collection":[{"href":"https:\/\/cultura.sma.gob.ar\/index.php?rest_route=\/wp\/v2\/posts"}],"about":[{"href":"https:\/\/cultura.sma.gob.ar\/index.php?rest_route=\/wp\/v2\/types\/post"}],"author":[{"embeddable":true,"href":"https:\/\/cultura.sma.gob.ar\/index.php?rest_route=\/wp\/v2\/users\/1"}],"replies":[{"embeddable":true,"href":"https:\/\/cultura.sma.gob.ar\/index.php?rest_route=%2Fwp%2Fv2%2Fcomments&post=3527"}],"version-history":[{"count":2,"href":"https:\/\/cultura.sma.gob.ar\/index.php?rest_route=\/wp\/v2\/posts\/3527\/revisions"}],"predecessor-version":[{"id":3591,"href":"https:\/\/cultura.sma.gob.ar\/index.php?rest_route=\/wp\/v2\/posts\/3527\/revisions\/3591"}],"wp:featuredmedia":[{"embeddable":true,"href":"https:\/\/cultura.sma.gob.ar\/index.php?rest_route=\/wp\/v2\/media\/295"}],"wp:attachment":[{"href":"https:\/\/cultura.sma.gob.ar\/index.php?rest_route=%2Fwp%2Fv2%2Fmedia&parent=3527"}],"wp:term":[{"taxonomy":"category","embeddable":true,"href":"https:\/\/cultura.sma.gob.ar\/index.php?rest_route=%2Fwp%2Fv2%2Fcategories&post=3527"},{"taxonomy":"post_tag","embeddable":true,"href":"https:\/\/cultura.sma.gob.ar\/index.php?rest_route=%2Fwp%2Fv2%2Ftags&post=3527"}],"curies":[{"name":"wp","href":"https:\/\/api.w.org\/{rel}","templated":true}]}}