{"id":352,"date":"2020-10-03T11:48:24","date_gmt":"2020-10-03T14:48:24","guid":{"rendered":"http:\/\/cultura.sma.gob.ar\/?p=352"},"modified":"2020-10-03T12:01:50","modified_gmt":"2020-10-03T15:01:50","slug":"se-viene-la-1-feria-virtual-de-emprendedorxs-de-san-martin-de-los-andes","status":"publish","type":"post","link":"https:\/\/cultura.sma.gob.ar\/?p=352","title":{"rendered":"Se viene la \u201c1\u00b0 FERIA VIRTUAL DE EMPRENDEDORXS\u201d de San Mart\u00edn de los Andes."},"content":{"rendered":"\n\n\n<p><br>El s\u00e1bado 10 de Octubre de 13hs a 20hs, estaremos abriendo esta nueva propuesta a la comunidad. <\/p>\n\n\n\n<p>Como toda la sociedad decidimos re inventarnos en tiempos de pandemia y dejar que el espacio virtual de las redes sociales sea el cobijo de nuestros emprendimientos ante la imposibilidad de encontrarnos f\u00edsicamente. <\/p>\n\n\n\n<p>Somos emprendedorxs que venimos a sumar, que seguimos apostando al encuentro y al tejido de redes para acercar nuestros trabajos, realizados con nuestras manos y que tanto valor agregado le dan al producto final.<\/p>\n\n\n\n<p><br>Esta primera experiencia de Feria Virtual ser\u00e1 a trav\u00e9s de un evento en Facebook y replicado en Instagram. Fuego Fort dar\u00e1 el puntapi\u00e9 inicial, de lo que so\u00f1amos sean muchas m\u00e1s ediciones partiendo de los perfiles de otres participantes, y desde all\u00ed podr\u00e1s acceder a la info de todes les emprendedorxs, podr\u00e1s encontrar \u00e1lbumes con fotos de los productos y tambi\u00e9n, contactarte para acceder a la compra directa, teniendo jugosos descuentos en las diferentes franjas horarias.<\/p>\n\n\n\n<p><br>Nuestro principal objetivo es conocernos, ayudarnos, potenciarnos y disfrutar del encuentro. Mostrar nuestro trabajo y darte la posibilidad de conseguirlo.<br>Sin lugar a dudas, surge como necesidad de generar movimientos alternativos para visibilizar la gran cantidad de emprendedorxs que somos en nuestra ciudad. Sabemos que existen otros espacios y este proyecto intenta sumar a la red de modo virtual, hasta que podamos volver a encontrarnos.<\/p>\n\n\n\n<p><br>Nosotres somos quienes estaremos en la 1\u00b0 Feria Virtual:<br>Fuego Fort \u2013 Cuadernos de Autore<br>Batifondo \u2013 Dise\u00f1o Textil<br>Flora \u2013 Biocosm\u00e9tica<br>Kari Bard\u00f3n \u2013 Mu\u00f1ecos de Crochet<br>Rucadomos \u2013 Construcci\u00f3n Sustentable<br>Paina \u2013 Ingenier\u00eda de Paisajes<br>T\u00e9rrea \u2013 Cer\u00e1mica<br>Manzana Textil \u2013 Deco \/ Funcional \/ Hogar e Infantil<br>Mawida \u2013 Cosm\u00e9tica Natural y Vegana<br>Ke\u00f1i \u2013 Detergente S\u00f3lido, Productos de Limpieza Biodegradable, Apto Vegano<br>Las Guachas \u2013 Editorial<br>Sur Conservas \u2013 Conservas de Origen Patag\u00f3nico<br>La Bruji \u2013 Algo m\u00e1s que Tejidos<br>Estefi &#8211; Masajes<br>Peumatremo \u2013 Panes y Crochet<br>Inventar un P\u00e1jaro \u2013 Libros Usados<br>Vaya Ocurrencia \u2013 Objetos Art\u00edsticos<\/p>\n\n\n\n<p><br>\u00a1Acompa\u00f1anos!<\/p>\n","protected":false},"excerpt":{"rendered":"<p>El s\u00e1bado 10 de Octubre de 13hs a 20hs, estaremos abriendo esta nueva propuesta a la comunidad. <a href=\"https:\/\/cultura.sma.gob.ar\/?p=352\" class=\"more-link\">Continue reading <span class=\"screen-reader-text\">Se viene la \u201c1\u00b0 FERIA VIRTUAL DE EMPRENDEDORXS\u201d de San Mart\u00edn de los Andes.<\/span><\/a><\/p>\n","protected":false},"author":1,"featured_media":297,"comment_status":"closed","ping_status":"","sticky":false,"template":"","format":"image","meta":{"footnotes":""},"categories":[9],"tags":[],"class_list":["post-352","post","type-post","status-publish","format-image","has-post-thumbnail","hentry","category-ultimas-noticias","post_format-post-format-image"],"_links":{"self":[{"href":"https:\/\/cultura.sma.gob.ar\/index.php?rest_route=\/wp\/v2\/posts\/352","targetHints":{"allow":["GET"]}}],"collection":[{"href":"https:\/\/cultura.sma.gob.ar\/index.php?rest_route=\/wp\/v2\/posts"}],"about":[{"href":"https:\/\/cultura.sma.gob.ar\/index.php?rest_route=\/wp\/v2\/types\/post"}],"author":[{"embeddable":true,"href":"https:\/\/cultura.sma.gob.ar\/index.php?rest_route=\/wp\/v2\/users\/1"}],"replies":[{"embeddable":true,"href":"https:\/\/cultura.sma.gob.ar\/index.php?rest_route=%2Fwp%2Fv2%2Fcomments&post=352"}],"version-history":[{"count":2,"href":"https:\/\/cultura.sma.gob.ar\/index.php?rest_route=\/wp\/v2\/posts\/352\/revisions"}],"predecessor-version":[{"id":362,"href":"https:\/\/cultura.sma.gob.ar\/index.php?rest_route=\/wp\/v2\/posts\/352\/revisions\/362"}],"wp:featuredmedia":[{"embeddable":true,"href":"https:\/\/cultura.sma.gob.ar\/index.php?rest_route=\/wp\/v2\/media\/297"}],"wp:attachment":[{"href":"https:\/\/cultura.sma.gob.ar\/index.php?rest_route=%2Fwp%2Fv2%2Fmedia&parent=352"}],"wp:term":[{"taxonomy":"category","embeddable":true,"href":"https:\/\/cultura.sma.gob.ar\/index.php?rest_route=%2Fwp%2Fv2%2Fcategories&post=352"},{"taxonomy":"post_tag","embeddable":true,"href":"https:\/\/cultura.sma.gob.ar\/index.php?rest_route=%2Fwp%2Fv2%2Ftags&post=352"}],"curies":[{"name":"wp","href":"https:\/\/api.w.org\/{rel}","templated":true}]}}