{"id":3517,"date":"2022-06-27T15:34:11","date_gmt":"2022-06-27T18:34:11","guid":{"rendered":"http:\/\/cultura.sma.gob.ar\/?p=3517"},"modified":"2022-06-29T11:27:52","modified_gmt":"2022-06-29T14:27:52","slug":"vacaciones-se-viene-el-festival-infantil-de-invierno-y-una-extraordinaria-muestra-de-antonio-berni-en-la-sala-municipal-lidaura-chapitel","status":"publish","type":"post","link":"https:\/\/cultura.sma.gob.ar\/?p=3517","title":{"rendered":"Vacaciones: Se viene el &#8221;Festival Infantil de Invierno&#8221; y una extraordinaria muestra de Antonio Berni en la Sala Municipal Lidaura Chapitel"},"content":{"rendered":"\n<figure class=\"wp-block-image size-large\"><img loading=\"lazy\" decoding=\"async\" width=\"1024\" height=\"1024\" src=\"http:\/\/cultura.sma.gob.ar\/wp-content\/uploads\/2022\/06\/Flyer-FIDI-redes-1024x1024.jpg\" alt=\"\" class=\"wp-image-3518\" srcset=\"https:\/\/cultura.sma.gob.ar\/wp-content\/uploads\/2022\/06\/Flyer-FIDI-redes-1024x1024.jpg 1024w, https:\/\/cultura.sma.gob.ar\/wp-content\/uploads\/2022\/06\/Flyer-FIDI-redes-300x300.jpg 300w, https:\/\/cultura.sma.gob.ar\/wp-content\/uploads\/2022\/06\/Flyer-FIDI-redes-150x150.jpg 150w, https:\/\/cultura.sma.gob.ar\/wp-content\/uploads\/2022\/06\/Flyer-FIDI-redes-768x768.jpg 768w, https:\/\/cultura.sma.gob.ar\/wp-content\/uploads\/2022\/06\/Flyer-FIDI-redes-90x90.jpg 90w, https:\/\/cultura.sma.gob.ar\/wp-content\/uploads\/2022\/06\/Flyer-FIDI-redes.jpg 1042w\" sizes=\"auto, (max-width: 1024px) 100vw, 1024px\" \/><\/figure>\n\n\n\n<figure class=\"wp-block-gallery columns-1 is-cropped wp-block-gallery-1 is-layout-flex wp-block-gallery-is-layout-flex\"><ul class=\"blocks-gallery-grid\"><li class=\"blocks-gallery-item\"><figure><img loading=\"lazy\" decoding=\"async\" width=\"1024\" height=\"1024\" src=\"http:\/\/cultura.sma.gob.ar\/wp-content\/uploads\/2022\/06\/Flyer-Berni-Redes-1-1024x1024.jpg\" alt=\"\" data-id=\"3525\" data-full-url=\"http:\/\/cultura.sma.gob.ar\/wp-content\/uploads\/2022\/06\/Flyer-Berni-Redes-1.jpg\" data-link=\"http:\/\/cultura.sma.gob.ar\/2022\/06\/27\/vacaciones-se-viene-el-festival-infantil-de-invierno-y-una-extraordinaria-muestra-de-antonio-berni-en-la-sala-municipal-lidaura-chapitel\/flyer-berni-redes-1\/\" class=\"wp-image-3525\" srcset=\"https:\/\/cultura.sma.gob.ar\/wp-content\/uploads\/2022\/06\/Flyer-Berni-Redes-1-1024x1024.jpg 1024w, https:\/\/cultura.sma.gob.ar\/wp-content\/uploads\/2022\/06\/Flyer-Berni-Redes-1-300x300.jpg 300w, https:\/\/cultura.sma.gob.ar\/wp-content\/uploads\/2022\/06\/Flyer-Berni-Redes-1-150x150.jpg 150w, https:\/\/cultura.sma.gob.ar\/wp-content\/uploads\/2022\/06\/Flyer-Berni-Redes-1-768x768.jpg 768w, https:\/\/cultura.sma.gob.ar\/wp-content\/uploads\/2022\/06\/Flyer-Berni-Redes-1-90x90.jpg 90w, https:\/\/cultura.sma.gob.ar\/wp-content\/uploads\/2022\/06\/Flyer-Berni-Redes-1.jpg 1280w\" sizes=\"auto, (max-width: 1024px) 100vw, 1024px\" \/><\/figure><\/li><\/ul><\/figure>\n\n\n\n<p><br>Para estas vacaciones de invierno, la Secretar\u00eda de Cultura tendr\u00e1 una gran oferta cultural, para todas las edades.<\/p>\n\n\n\n<p>En el teatro San Jos\u00e9 y en la Escuela 313 de Vega Centro se desarrollar\u00e1 el 7\u00ba Festival Infantil de Invierno, mientras que en la Sala Lidaura Chapitel se expondr\u00e1 la muestra \u201cRamona y otras mujeres\u201d, de Antonio Berni, uno de los m\u00e1s grandes artistas pl\u00e1sticos que ha dado la Argentina.<\/p>\n\n\n\n<p><strong>FESTIVAL INFANTIL DE INVIERNO<\/strong><\/p>\n\n\n\n<p>El 7\u00ba Festival Infantil de Invierno se extender\u00e1 del 9 al 23 de julio e incluir\u00e1 diez funciones con entrada libre y \u201ca la gorra\u201d.<\/p>\n\n\n\n<p>Se presentar\u00e1n las obras \u201cSue\u00f1os de Pastel\u201d y \u201cMagia Payasa\u201d, de la compa\u00f1\u00eda &#8221;Entretenedores&#8221;, de Neuqu\u00e9n, \u201cEl Peuma de Emma\u201d, de la compa\u00f1\u00eda &#8221;Piltrafa&#8221;, \u201cMar Mawiza\u201d, de la compa\u00f1\u00eda &#8221;Tutifruti&#8221;, \u201cLa verdad verdadera de Caperucita Roja\u201d, de la compa\u00f1\u00eda &#8221;Abrecocos&#8221;, el unipersonal \u201cMareas profundas\u201d de &#8221;Vanina Garaventa&#8221; y una cuenteada a cargo de &#8221;Cuenteros Comunitarios&#8221;.<\/p>\n\n\n\n<p>Las entradas son \u201ca la gorra\u201d y se retirar\u00e1n por el Teatro San Jos\u00e9 a partir del lunes 4 de julio, de 9 a 21 hs.<\/p>\n\n\n\n<p><strong>MUESTRA DE ANTONIO BERNI<\/strong><\/p>\n\n\n\n<p>En cuanto a la muestra \u201cRamona y otras mujeres\u201d, del genial Antonio Berni, podr\u00e1 visitarse en la Sala Lidaura Chapitel\u201d del 8 al 28 de julio. Se compone de xilo-collage y dibujos originales, y de fotograf\u00edas tomadas por el propio Berni.<\/p>\n\n\n\n<p>Sin duda, la presencia de esta muestra en nuestra ciudad representa una extraordinaria oportunidad de acceder con entrada libre y gratuita a la obra de uno de los m\u00e1s grandes artistas que ha dado nuestro pa\u00eds.<br>Habr\u00e1 visitas guiadas a cargo de la curadora de la muestra Cecilia Rabossi y del personal de la Sala Municipal de Exposiciones Lidaura Chapitel.<\/p>\n\n\n\n<p><strong>OTRAS PROPUESTAS<\/strong><\/p>\n\n\n\n<p>A fin de facilitar la participaci\u00f3n del conjunto de la comunidad en estas actividades, funcionar\u00e1 el Tour Cultural, un programa que traslada de manera gratuita a vecinas y vecinos desde los barrios hasta los espacios donde se desarrollan los eventos culturales.<\/p>\n\n\n\n<p>Por otra parte, durante estas vacaciones de invierno, continuar\u00e1n los talleres art\u00edsticos de las Estaciones Culturales: habr\u00e1 m\u00e1s de treinta talleres gratuitos para todas las edades en los barrios Cordones del Chapelco, Vega Centro, Cantera, Villa Paur y el Arenal.<\/p>\n","protected":false},"excerpt":{"rendered":"<p>Para estas vacaciones de invierno, la Secretar\u00eda de Cultura tendr\u00e1 una gran oferta cultural, para todas las edades. En el teatro San Jos\u00e9 y en la Escuela 313 de Vega Centro se desarrollar\u00e1 el 7\u00ba Festival Infantil de Invierno, mientras que en la Sala Lidaura Chapitel se expondr\u00e1 la muestra \u201cRamona y otras mujeres\u201d, de Antonio Berni, uno de los m\u00e1s grandes artistas pl\u00e1sticos que &hellip; <a href=\"https:\/\/cultura.sma.gob.ar\/?p=3517\" class=\"more-link\">Continue reading <span class=\"screen-reader-text\">Vacaciones: Se viene el &#8221;Festival Infantil de Invierno&#8221; y una extraordinaria muestra de Antonio Berni en la Sala Municipal Lidaura Chapitel<\/span><\/a><\/p>\n","protected":false},"author":1,"featured_media":295,"comment_status":"closed","ping_status":"","sticky":false,"template":"","format":"image","meta":{"footnotes":""},"categories":[6,9],"tags":[],"class_list":["post-3517","post","type-post","status-publish","format-image","has-post-thumbnail","hentry","category-sala-lidaura-chapitel","category-ultimas-noticias","post_format-post-format-image"],"_links":{"self":[{"href":"https:\/\/cultura.sma.gob.ar\/index.php?rest_route=\/wp\/v2\/posts\/3517","targetHints":{"allow":["GET"]}}],"collection":[{"href":"https:\/\/cultura.sma.gob.ar\/index.php?rest_route=\/wp\/v2\/posts"}],"about":[{"href":"https:\/\/cultura.sma.gob.ar\/index.php?rest_route=\/wp\/v2\/types\/post"}],"author":[{"embeddable":true,"href":"https:\/\/cultura.sma.gob.ar\/index.php?rest_route=\/wp\/v2\/users\/1"}],"replies":[{"embeddable":true,"href":"https:\/\/cultura.sma.gob.ar\/index.php?rest_route=%2Fwp%2Fv2%2Fcomments&post=3517"}],"version-history":[{"count":6,"href":"https:\/\/cultura.sma.gob.ar\/index.php?rest_route=\/wp\/v2\/posts\/3517\/revisions"}],"predecessor-version":[{"id":3531,"href":"https:\/\/cultura.sma.gob.ar\/index.php?rest_route=\/wp\/v2\/posts\/3517\/revisions\/3531"}],"wp:featuredmedia":[{"embeddable":true,"href":"https:\/\/cultura.sma.gob.ar\/index.php?rest_route=\/wp\/v2\/media\/295"}],"wp:attachment":[{"href":"https:\/\/cultura.sma.gob.ar\/index.php?rest_route=%2Fwp%2Fv2%2Fmedia&parent=3517"}],"wp:term":[{"taxonomy":"category","embeddable":true,"href":"https:\/\/cultura.sma.gob.ar\/index.php?rest_route=%2Fwp%2Fv2%2Fcategories&post=3517"},{"taxonomy":"post_tag","embeddable":true,"href":"https:\/\/cultura.sma.gob.ar\/index.php?rest_route=%2Fwp%2Fv2%2Ftags&post=3517"}],"curies":[{"name":"wp","href":"https:\/\/api.w.org\/{rel}","templated":true}]}}