{"id":3512,"date":"2022-06-26T19:52:04","date_gmt":"2022-06-26T22:52:04","guid":{"rendered":"http:\/\/cultura.sma.gob.ar\/?p=3512"},"modified":"2022-06-26T19:52:04","modified_gmt":"2022-06-26T22:52:04","slug":"la-verdad-verdadera-de-caperucita-roja","status":"publish","type":"post","link":"https:\/\/cultura.sma.gob.ar\/?p=3512","title":{"rendered":"La verdad verdadera de Caperucita Roja"},"content":{"rendered":"\n<figure class=\"wp-block-image size-large\"><img loading=\"lazy\" decoding=\"async\" width=\"1024\" height=\"1024\" src=\"http:\/\/cultura.sma.gob.ar\/wp-content\/uploads\/2022\/06\/caperucita_Redes_x1000-01-cotesma-18-1024x1024.jpg\" alt=\"\" class=\"wp-image-3513\" srcset=\"https:\/\/cultura.sma.gob.ar\/wp-content\/uploads\/2022\/06\/caperucita_Redes_x1000-01-cotesma-18-1024x1024.jpg 1024w, https:\/\/cultura.sma.gob.ar\/wp-content\/uploads\/2022\/06\/caperucita_Redes_x1000-01-cotesma-18-300x300.jpg 300w, https:\/\/cultura.sma.gob.ar\/wp-content\/uploads\/2022\/06\/caperucita_Redes_x1000-01-cotesma-18-150x150.jpg 150w, https:\/\/cultura.sma.gob.ar\/wp-content\/uploads\/2022\/06\/caperucita_Redes_x1000-01-cotesma-18-768x768.jpg 768w, https:\/\/cultura.sma.gob.ar\/wp-content\/uploads\/2022\/06\/caperucita_Redes_x1000-01-cotesma-18-1536x1536.jpg 1536w, https:\/\/cultura.sma.gob.ar\/wp-content\/uploads\/2022\/06\/caperucita_Redes_x1000-01-cotesma-18-2048x2048.jpg 2048w, https:\/\/cultura.sma.gob.ar\/wp-content\/uploads\/2022\/06\/caperucita_Redes_x1000-01-cotesma-18-90x90.jpg 90w\" sizes=\"auto, (max-width: 1024px) 100vw, 1024px\" \/><\/figure>\n\n\n\n<p>El pr\u00f3ximo mi\u00e9rcoles 20, jueves 21 y domingo 24 de julio, a las 18hs, en la Sala Amankay, volvemos a vivir tres imperdibles jornadas de teatro infantil de la mano<br>Abrecocos y su imperdible \u201cLA VERDAD VERDADERA DE CAPERUCITA ROJA\u201d.<br><br><em>\u201c\u00bfQu\u00e9 pasar\u00eda si te enteraras que a la historia de Caperucita Roja te la contaron al rev\u00e9s?\u201d<br><br><\/em>Abrecocos presenta \u201cLa Verdad Verdadera de Caperucita Roja\u201d, divertid\u00edsima comedia musical infantil, dirigida por Gustavo Lozano y protagonizada por Clara Parada, Toto Brea, Majo Mur y Vicky Di Lello, que invita a los m\u00e1s chicos a encontrarse con otra versi\u00f3n de uno de los cuentos cl\u00e1sicos m\u00e1s representados.<br><br>En esta intrigante y divertida adaptaci\u00f3n, Caperucita es una ni\u00f1a muy traviesa que, junto a su astuta abuela, persiguen al ingenuo lobo del bosque, hasta que el noble cazador interviene.<br>Entre canciones originales y juegos, los personajes interact\u00faan con el p\u00fablico para comunicar un mensaje que rescata la amistad, la solidaridad y la verdad como valores humanos que se imponen ante las apariencias.<br><br><strong><u>Ficha T\u00e9cnica<\/u><\/strong><br>Caperucita: Clara Parada<br>Lobo: Tom\u00e1s \u201cToto\u201d Brea<br>Abuela y madre: Majo &nbsp;Mur<br>Presentador\/Cazador: Vicky Di Lello<br><br>M\u00fasica y letra: Mat\u00edas Di Lello<br>Escenograf\u00eda: Gustavo Lozano<br>Vestuario: Jacinta Ar\u00e9valo<br>Dise\u00f1o y Comunicaci\u00f3n: Alejandro Block<br>Asistente y core\u00f3grafo: Brayan Gonz\u00e1lez<br>Direcci\u00f3n: Gustavo Lozano<br>Producci\u00f3n: Abrecocos<\/p>\n\n\n\n<p>Entrada general: $700, en venta, desde el martes 28 de junio, en la boleter\u00eda del Centro Cultural.-<br><br>Para mayor informaci\u00f3n<br>Abrecocos&nbsp; &#8211;&nbsp; 116927-2509<br><a href=\"https:\/\/correo.smandes.gov.ar\/owa\/redir.aspx?C=f390d32bb7ca451692d4558eedbb1c66&amp;URL=mailto%3amvdilell%40yahoo.com\">mvdilell@yahoo.com<\/a><\/p>\n","protected":false},"excerpt":{"rendered":"<p>El pr\u00f3ximo mi\u00e9rcoles 20, jueves 21 y domingo 24 de julio, a las 18hs, en la Sala Amankay, volvemos a vivir tres imperdibles jornadas de teatro infantil de la manoAbrecocos y su imperdible \u201cLA VERDAD VERDADERA DE CAPERUCITA ROJA\u201d. \u201c\u00bfQu\u00e9 pasar\u00eda si te enteraras que a la historia de Caperucita Roja te la contaron al rev\u00e9s?\u201d Abrecocos presenta \u201cLa Verdad Verdadera de Caperucita Roja\u201d, divertid\u00edsima &hellip; <a href=\"https:\/\/cultura.sma.gob.ar\/?p=3512\" class=\"more-link\">Continue reading <span class=\"screen-reader-text\">La verdad verdadera de Caperucita Roja<\/span><\/a><\/p>\n","protected":false},"author":1,"featured_media":297,"comment_status":"closed","ping_status":"","sticky":false,"template":"","format":"image","meta":{"footnotes":""},"categories":[2,9],"tags":[],"class_list":["post-3512","post","type-post","status-publish","format-image","has-post-thumbnail","hentry","category-ciudad-cultural","category-ultimas-noticias","post_format-post-format-image"],"_links":{"self":[{"href":"https:\/\/cultura.sma.gob.ar\/index.php?rest_route=\/wp\/v2\/posts\/3512","targetHints":{"allow":["GET"]}}],"collection":[{"href":"https:\/\/cultura.sma.gob.ar\/index.php?rest_route=\/wp\/v2\/posts"}],"about":[{"href":"https:\/\/cultura.sma.gob.ar\/index.php?rest_route=\/wp\/v2\/types\/post"}],"author":[{"embeddable":true,"href":"https:\/\/cultura.sma.gob.ar\/index.php?rest_route=\/wp\/v2\/users\/1"}],"replies":[{"embeddable":true,"href":"https:\/\/cultura.sma.gob.ar\/index.php?rest_route=%2Fwp%2Fv2%2Fcomments&post=3512"}],"version-history":[{"count":1,"href":"https:\/\/cultura.sma.gob.ar\/index.php?rest_route=\/wp\/v2\/posts\/3512\/revisions"}],"predecessor-version":[{"id":3514,"href":"https:\/\/cultura.sma.gob.ar\/index.php?rest_route=\/wp\/v2\/posts\/3512\/revisions\/3514"}],"wp:featuredmedia":[{"embeddable":true,"href":"https:\/\/cultura.sma.gob.ar\/index.php?rest_route=\/wp\/v2\/media\/297"}],"wp:attachment":[{"href":"https:\/\/cultura.sma.gob.ar\/index.php?rest_route=%2Fwp%2Fv2%2Fmedia&parent=3512"}],"wp:term":[{"taxonomy":"category","embeddable":true,"href":"https:\/\/cultura.sma.gob.ar\/index.php?rest_route=%2Fwp%2Fv2%2Fcategories&post=3512"},{"taxonomy":"post_tag","embeddable":true,"href":"https:\/\/cultura.sma.gob.ar\/index.php?rest_route=%2Fwp%2Fv2%2Ftags&post=3512"}],"curies":[{"name":"wp","href":"https:\/\/api.w.org\/{rel}","templated":true}]}}