{"id":3509,"date":"2022-06-26T19:50:30","date_gmt":"2022-06-26T22:50:30","guid":{"rendered":"http:\/\/cultura.sma.gob.ar\/?p=3509"},"modified":"2022-06-26T19:50:30","modified_gmt":"2022-06-26T22:50:30","slug":"ciclo-clasicos-en-blanco-y-negro-en-la-gunther-la-mentira-maldita","status":"publish","type":"post","link":"https:\/\/cultura.sma.gob.ar\/?p=3509","title":{"rendered":"Ciclo &#8220;Cl\u00e1sicos en Blanco y Negro&#8221; en la G\u00fcnther: &#8221;La Mentira Maldita&#8221;"},"content":{"rendered":"\n<figure class=\"wp-block-image size-large\"><img loading=\"lazy\" decoding=\"async\" width=\"666\" height=\"1000\" src=\"http:\/\/cultura.sma.gob.ar\/wp-content\/uploads\/2022\/06\/La-mentira-maldita-vertical.jpg\" alt=\"\" class=\"wp-image-3510\" srcset=\"https:\/\/cultura.sma.gob.ar\/wp-content\/uploads\/2022\/06\/La-mentira-maldita-vertical.jpg 666w, https:\/\/cultura.sma.gob.ar\/wp-content\/uploads\/2022\/06\/La-mentira-maldita-vertical-200x300.jpg 200w, https:\/\/cultura.sma.gob.ar\/wp-content\/uploads\/2022\/06\/La-mentira-maldita-vertical-60x90.jpg 60w\" sizes=\"auto, (max-width: 666px) 100vw, 666px\" \/><\/figure>\n\n\n\n<p>El jueves, 30 de Junio a las 20:30hs en la Sala G\u00fcnther Blaas del Centro Cultural Cotesma, continuamos con la 6ta. Temporada de Proyecciones a la gorra. Como los a\u00f1os anteriores, la programaci\u00f3n y la presentaci\u00f3n est\u00e1 a cargo de Guillermo Ianniello, este a\u00f1o a beneficio del Club de Leones San Mart\u00edn de los Andes \u2013 Chapelco.<br>Finalizando con el Ciclo N\u00b033 (Tercero de este a\u00f1o), titulado \u201cCL\u00c1SICOS EN BLANCO Y NEGRO\u201d, se proyectar\u00e1 \u201cLA MENTIRA MALDITA\u201d dirigida por Alexander Mackendrick y protagonizada por Burt Lancaster, Tony Curtis y Susan Harrison.<\/p>\n\n\n\n<p><strong>\u201cLa Mentira Maldita\u201d.<\/strong>&nbsp; (\u201cSweet Smell of Success\u201d &#8211; 1957)<br>Impresionante relato sobre los chanchullos que se traen entre manos el director de un peri\u00f3dico neoyorkino y su &#8220;publicista&#8221;.<br>Una pel\u00edcula que deber\u00edan ver todos los estudiantes de periodismo en su primer a\u00f1o de carrera, para que vayan acostumbr\u00e1ndose a lo que les espera.<\/p>\n\n\n\n<p>Un gran film sobre el mundo de la prensa sensacionalista. Pero bajo este argumento subyacen otros temas como: corrupci\u00f3n, integridad, moralidad, posesi\u00f3n, servilismo, vanidad, y el fin de la inocencia.<\/p>\n\n\n\n<p>Hay que destacar el gui\u00f3n, con unos di\u00e1logos soberbios, llenos de iron\u00eda y dureza, que siempre mantienen el inter\u00e9s de la historia; una puesta en escena perfecta, con una ambientaci\u00f3n muy destacable, llena de nocturnidad.<br>La direcci\u00f3n de actores funciona muy bien, importante en un filme con tantos secundarios como \u00e9ste, y se ve enriquecida con la portentosa labor de ambos protagonistas, Burt Lancaster y Tony Curtis.<br>Todo ello acompa\u00f1ado con la magn\u00edfica m\u00fasica de Jazz de Elmer Bernstein, la soberbia fotograf\u00eda (por supuesto en blanco y negro) con claroscuros de fuertes contrastes, que le dan su fuerza dram\u00e1tica y el sentido del espacio.<\/p>\n\n\n\n<p>Mackendrick ejecuta una direcci\u00f3n precisa y llena de madurez, lo que unido a la agudeza, dobles intenciones, la agilidad de la narraci\u00f3n y a su genial atm\u00f3sfera te\u00f1ida de jazz, hacen de ella una obra maestra indeleble y una pel\u00edcula literalmente deliciosa. La recomiendo enf\u00e1ticamente\u2026<\/p>\n\n\n\n<p>Duraci\u00f3n: 1 h 36\u2019.-<\/p>\n","protected":false},"excerpt":{"rendered":"<p>El jueves, 30 de Junio a las 20:30hs en la Sala G\u00fcnther Blaas del Centro Cultural Cotesma, continuamos con la 6ta. Temporada de Proyecciones a la gorra. Como los a\u00f1os anteriores, la programaci\u00f3n y la presentaci\u00f3n est\u00e1 a cargo de Guillermo Ianniello, este a\u00f1o a beneficio del Club de Leones San Mart\u00edn de los Andes \u2013 Chapelco.Finalizando con el Ciclo N\u00b033 (Tercero de este a\u00f1o), &hellip; <a href=\"https:\/\/cultura.sma.gob.ar\/?p=3509\" class=\"more-link\">Continue reading <span class=\"screen-reader-text\">Ciclo &#8220;Cl\u00e1sicos en Blanco y Negro&#8221; en la G\u00fcnther: &#8221;La Mentira Maldita&#8221;<\/span><\/a><\/p>\n","protected":false},"author":1,"featured_media":297,"comment_status":"closed","ping_status":"","sticky":false,"template":"","format":"image","meta":{"footnotes":""},"categories":[2,9],"tags":[],"class_list":["post-3509","post","type-post","status-publish","format-image","has-post-thumbnail","hentry","category-ciudad-cultural","category-ultimas-noticias","post_format-post-format-image"],"_links":{"self":[{"href":"https:\/\/cultura.sma.gob.ar\/index.php?rest_route=\/wp\/v2\/posts\/3509","targetHints":{"allow":["GET"]}}],"collection":[{"href":"https:\/\/cultura.sma.gob.ar\/index.php?rest_route=\/wp\/v2\/posts"}],"about":[{"href":"https:\/\/cultura.sma.gob.ar\/index.php?rest_route=\/wp\/v2\/types\/post"}],"author":[{"embeddable":true,"href":"https:\/\/cultura.sma.gob.ar\/index.php?rest_route=\/wp\/v2\/users\/1"}],"replies":[{"embeddable":true,"href":"https:\/\/cultura.sma.gob.ar\/index.php?rest_route=%2Fwp%2Fv2%2Fcomments&post=3509"}],"version-history":[{"count":1,"href":"https:\/\/cultura.sma.gob.ar\/index.php?rest_route=\/wp\/v2\/posts\/3509\/revisions"}],"predecessor-version":[{"id":3511,"href":"https:\/\/cultura.sma.gob.ar\/index.php?rest_route=\/wp\/v2\/posts\/3509\/revisions\/3511"}],"wp:featuredmedia":[{"embeddable":true,"href":"https:\/\/cultura.sma.gob.ar\/index.php?rest_route=\/wp\/v2\/media\/297"}],"wp:attachment":[{"href":"https:\/\/cultura.sma.gob.ar\/index.php?rest_route=%2Fwp%2Fv2%2Fmedia&parent=3509"}],"wp:term":[{"taxonomy":"category","embeddable":true,"href":"https:\/\/cultura.sma.gob.ar\/index.php?rest_route=%2Fwp%2Fv2%2Fcategories&post=3509"},{"taxonomy":"post_tag","embeddable":true,"href":"https:\/\/cultura.sma.gob.ar\/index.php?rest_route=%2Fwp%2Fv2%2Ftags&post=3509"}],"curies":[{"name":"wp","href":"https:\/\/api.w.org\/{rel}","templated":true}]}}