{"id":3505,"date":"2022-06-21T19:36:23","date_gmt":"2022-06-21T22:36:23","guid":{"rendered":"http:\/\/cultura.sma.gob.ar\/?p=3505"},"modified":"2022-06-29T19:56:17","modified_gmt":"2022-06-29T22:56:17","slug":"convocatoria-palais-de-glace-jurado-salon-nacional-de-artes-visuales-2022","status":"publish","type":"post","link":"https:\/\/cultura.sma.gob.ar\/?p=3505","title":{"rendered":"Convocatoria Palais de Glace: Jurado Sal\u00f3n Nacional de Artes Visuales  2022 (Finalizada)"},"content":{"rendered":"\n<figure class=\"wp-block-image size-large\"><img loading=\"lazy\" decoding=\"async\" width=\"1024\" height=\"1024\" src=\"http:\/\/cultura.sma.gob.ar\/wp-content\/uploads\/2022\/06\/WhatsApp-Image-2022-06-21-at-7.17.00-PM-1024x1024.jpeg\" alt=\"\" class=\"wp-image-3506\" srcset=\"https:\/\/cultura.sma.gob.ar\/wp-content\/uploads\/2022\/06\/WhatsApp-Image-2022-06-21-at-7.17.00-PM-1024x1024.jpeg 1024w, https:\/\/cultura.sma.gob.ar\/wp-content\/uploads\/2022\/06\/WhatsApp-Image-2022-06-21-at-7.17.00-PM-300x300.jpeg 300w, https:\/\/cultura.sma.gob.ar\/wp-content\/uploads\/2022\/06\/WhatsApp-Image-2022-06-21-at-7.17.00-PM-150x150.jpeg 150w, https:\/\/cultura.sma.gob.ar\/wp-content\/uploads\/2022\/06\/WhatsApp-Image-2022-06-21-at-7.17.00-PM-768x768.jpeg 768w, https:\/\/cultura.sma.gob.ar\/wp-content\/uploads\/2022\/06\/WhatsApp-Image-2022-06-21-at-7.17.00-PM-90x90.jpeg 90w, https:\/\/cultura.sma.gob.ar\/wp-content\/uploads\/2022\/06\/WhatsApp-Image-2022-06-21-at-7.17.00-PM.jpeg 1280w\" sizes=\"auto, (max-width: 1024px) 100vw, 1024px\" \/><\/figure>\n\n\n\n<p>La Secretar\u00eda de Cultura y Educaci\u00f3n de San Mart\u00edn de los Andes invita a artistas visuales de nuestra localidad que est\u00e9n interesados en postularse a la convocatoria para formar parte del Jurado del Sal\u00f3n Nacional de Artes Visuales 2022, y quieran hacerlo en representaci\u00f3n de nuestra instituci\u00f3n.<\/p>\n\n\n\n<p>Los interesados podr\u00e1n comunicarse al mail:&nbsp;<a href=\"mailto:salamunicipal.chapitel@gmail.com\" target=\"_blank\" rel=\"noreferrer noopener\">salamunicipal.chapitel@gmail.com<\/a>&nbsp;hasta el lunes 27 de junio inclusive.<\/p>\n\n\n\n<p>Para m\u00e1s informaci\u00f3n sobre la convocatoria, pueden dirigirse al siguiente link:&nbsp;<a href=\"https:\/\/palaisdeglace.cultura.gob.ar\/info\/postulacion-jurados-1\/\" target=\"_blank\" rel=\"noreferrer noopener\">https:\/\/palaisdeglace.cultura.gob.ar\/info\/postulacion-jurados-1\/<\/a><\/p>\n","protected":false},"excerpt":{"rendered":"<p>La Secretar\u00eda de Cultura y Educaci\u00f3n de San Mart\u00edn de los Andes invita a artistas visuales de nuestra localidad que est\u00e9n interesados en postularse a la convocatoria para formar parte del Jurado del Sal\u00f3n Nacional de Artes Visuales 2022, y quieran hacerlo en representaci\u00f3n de nuestra instituci\u00f3n. Los interesados podr\u00e1n comunicarse al mail:&nbsp;salamunicipal.chapitel@gmail.com&nbsp;hasta el lunes 27 de junio inclusive. Para m\u00e1s informaci\u00f3n sobre la convocatoria, &hellip; <a href=\"https:\/\/cultura.sma.gob.ar\/?p=3505\" class=\"more-link\">Continue reading <span class=\"screen-reader-text\">Convocatoria Palais de Glace: Jurado Sal\u00f3n Nacional de Artes Visuales  2022 (Finalizada)<\/span><\/a><\/p>\n","protected":false},"author":1,"featured_media":295,"comment_status":"closed","ping_status":"","sticky":false,"template":"","format":"image","meta":{"footnotes":""},"categories":[6,9],"tags":[],"class_list":["post-3505","post","type-post","status-publish","format-image","has-post-thumbnail","hentry","category-sala-lidaura-chapitel","category-ultimas-noticias","post_format-post-format-image"],"_links":{"self":[{"href":"https:\/\/cultura.sma.gob.ar\/index.php?rest_route=\/wp\/v2\/posts\/3505","targetHints":{"allow":["GET"]}}],"collection":[{"href":"https:\/\/cultura.sma.gob.ar\/index.php?rest_route=\/wp\/v2\/posts"}],"about":[{"href":"https:\/\/cultura.sma.gob.ar\/index.php?rest_route=\/wp\/v2\/types\/post"}],"author":[{"embeddable":true,"href":"https:\/\/cultura.sma.gob.ar\/index.php?rest_route=\/wp\/v2\/users\/1"}],"replies":[{"embeddable":true,"href":"https:\/\/cultura.sma.gob.ar\/index.php?rest_route=%2Fwp%2Fv2%2Fcomments&post=3505"}],"version-history":[{"count":2,"href":"https:\/\/cultura.sma.gob.ar\/index.php?rest_route=\/wp\/v2\/posts\/3505\/revisions"}],"predecessor-version":[{"id":3547,"href":"https:\/\/cultura.sma.gob.ar\/index.php?rest_route=\/wp\/v2\/posts\/3505\/revisions\/3547"}],"wp:featuredmedia":[{"embeddable":true,"href":"https:\/\/cultura.sma.gob.ar\/index.php?rest_route=\/wp\/v2\/media\/295"}],"wp:attachment":[{"href":"https:\/\/cultura.sma.gob.ar\/index.php?rest_route=%2Fwp%2Fv2%2Fmedia&parent=3505"}],"wp:term":[{"taxonomy":"category","embeddable":true,"href":"https:\/\/cultura.sma.gob.ar\/index.php?rest_route=%2Fwp%2Fv2%2Fcategories&post=3505"},{"taxonomy":"post_tag","embeddable":true,"href":"https:\/\/cultura.sma.gob.ar\/index.php?rest_route=%2Fwp%2Fv2%2Ftags&post=3505"}],"curies":[{"name":"wp","href":"https:\/\/api.w.org\/{rel}","templated":true}]}}