{"id":350,"date":"2020-10-03T11:40:39","date_gmt":"2020-10-03T14:40:39","guid":{"rendered":"http:\/\/cultura.sma.gob.ar\/?p=350"},"modified":"2020-10-03T12:03:00","modified_gmt":"2020-10-03T15:03:00","slug":"concurso-nacional-de-poesia-maria-remedios-del-valle-capitana-madre-de-la-patria","status":"publish","type":"post","link":"https:\/\/cultura.sma.gob.ar\/?p=350","title":{"rendered":"Concurso Nacional de Poes\u00eda \u201cMar\u00eda Remedios del Valle: capitana, madre de la patria\u201d"},"content":{"rendered":"\n\n\n<p>Dirigido a escritores\/as de todo el pa\u00eds.<\/p>\n\n\n\n<p>Un concurso literario que tiene como objetivo de visibilizar y reconocer la figura hist\u00f3rica de Mar\u00eda Remedios del Valle, as\u00ed como fortalecer las expresiones art\u00edsticas.<\/p>\n\n\n\n<p>Cada participante podr\u00e1 presentar una (1) poes\u00eda in\u00e9dita, en verso o en prosa, inspirada en la vida de Mar\u00eda Remedios del Valle o en algunos de los aspectos relacionados a su figura: la presencia hist\u00f3rica y actual de la cultura afro; racismo y discriminaci\u00f3n en el Siglo XXI; ra\u00edces de nuestra identidad; mujeres que construyeron la patria; entre otros. Las obras deber\u00e1n estar escritas en idioma espa\u00f1ol, ser in\u00e9ditas y de propia autor\u00eda.<\/p>\n\n\n\n<p>\u00a1Ten\u00e9s tiempo de inscribirte hasta el viernes 23 de octubre!<\/p>\n\n\n\n<p><a href=\"http:\/\/anuncios.cultura.gob.ar\/\/lt.php?id=fEgFXQdQCk1aDwAOTggCBAkC\">M\u00c1S INFORMACI\u00d3N E INSCRIPCIONES <\/a><\/p>\n","protected":false},"excerpt":{"rendered":"<p>Un concurso literario que tiene como objetivo de visibilizar y reconocer la figura hist\u00f3rica de Mar\u00eda Remedios del Valle, as\u00ed como fortalecer las expresiones art\u00edsticas. <a href=\"https:\/\/cultura.sma.gob.ar\/?p=350\" class=\"more-link\">Continue reading <span class=\"screen-reader-text\">Concurso Nacional de Poes\u00eda \u201cMar\u00eda Remedios del Valle: capitana, madre de la patria\u201d<\/span><\/a><\/p>\n","protected":false},"author":1,"featured_media":297,"comment_status":"closed","ping_status":"","sticky":false,"template":"","format":"image","meta":{"footnotes":""},"categories":[9],"tags":[],"class_list":["post-350","post","type-post","status-publish","format-image","has-post-thumbnail","hentry","category-ultimas-noticias","post_format-post-format-image"],"_links":{"self":[{"href":"https:\/\/cultura.sma.gob.ar\/index.php?rest_route=\/wp\/v2\/posts\/350","targetHints":{"allow":["GET"]}}],"collection":[{"href":"https:\/\/cultura.sma.gob.ar\/index.php?rest_route=\/wp\/v2\/posts"}],"about":[{"href":"https:\/\/cultura.sma.gob.ar\/index.php?rest_route=\/wp\/v2\/types\/post"}],"author":[{"embeddable":true,"href":"https:\/\/cultura.sma.gob.ar\/index.php?rest_route=\/wp\/v2\/users\/1"}],"replies":[{"embeddable":true,"href":"https:\/\/cultura.sma.gob.ar\/index.php?rest_route=%2Fwp%2Fv2%2Fcomments&post=350"}],"version-history":[{"count":2,"href":"https:\/\/cultura.sma.gob.ar\/index.php?rest_route=\/wp\/v2\/posts\/350\/revisions"}],"predecessor-version":[{"id":363,"href":"https:\/\/cultura.sma.gob.ar\/index.php?rest_route=\/wp\/v2\/posts\/350\/revisions\/363"}],"wp:featuredmedia":[{"embeddable":true,"href":"https:\/\/cultura.sma.gob.ar\/index.php?rest_route=\/wp\/v2\/media\/297"}],"wp:attachment":[{"href":"https:\/\/cultura.sma.gob.ar\/index.php?rest_route=%2Fwp%2Fv2%2Fmedia&parent=350"}],"wp:term":[{"taxonomy":"category","embeddable":true,"href":"https:\/\/cultura.sma.gob.ar\/index.php?rest_route=%2Fwp%2Fv2%2Fcategories&post=350"},{"taxonomy":"post_tag","embeddable":true,"href":"https:\/\/cultura.sma.gob.ar\/index.php?rest_route=%2Fwp%2Fv2%2Ftags&post=350"}],"curies":[{"name":"wp","href":"https:\/\/api.w.org\/{rel}","templated":true}]}}