{"id":3491,"date":"2022-06-15T22:18:04","date_gmt":"2022-06-16T01:18:04","guid":{"rendered":"http:\/\/cultura.sma.gob.ar\/?p=3491"},"modified":"2022-06-16T10:29:16","modified_gmt":"2022-06-16T13:29:16","slug":"31-aniversario-cumplimos-31-anos-y-queremos-celebrarlo-con-vos","status":"publish","type":"post","link":"https:\/\/cultura.sma.gob.ar\/?p=3491","title":{"rendered":"31\u00b0 ANIVERSARIO: Cumplimos 31 a\u00f1os y queremos celebrarlo con vos&#8230;"},"content":{"rendered":"\n<figure class=\"wp-block-image size-large\"><img decoding=\"async\" src=\"http:\/\/centrocultural.cotesma.com.ar\/system\/actividades\/foto_horizontals\/000\/001\/495\/medium\/CRONOGRAMA_FINAL_FINAL.jpg?1655332195\" alt=\"\"\/><\/figure>\n\n\n\n<h1 class=\"wp-block-heading\">20 de junio 1961 &#8211; 20 de junio 2022<\/h1>\n\n\n\n<p>Vamos a festejar doble, sumando lo que nos qued\u00f3 por celebrar en 2021, cuando cumplimos 30 a\u00f1os. Por eso, preparamos una cartelera de espect\u00e1culos y actividades GRATUITAS, para todo p\u00fablico, que queremos compartir con ustedes.&nbsp;CRONOGRAMA:<\/p>\n\n\n\n<p><br>&#8211; Viernes 17 a las 19 hs, desde Bariloche, La compa\u00f1\u00eda Titeres al viento presenta &#8220;Peque\u00f1as Historias Titiritescas&#8221; (<a href=\"http:\/\/centrocultural.cotesma.com.ar\/actividades\/1493\">http:\/\/centrocultural.cotesma.com.ar\/actividades\/1493<\/a>)<\/p>\n\n\n\n<p>&#8211; S\u00e1bado 18 a las 20hs, inauguraci\u00f3n de la Muestra de la Artista Melisa Fort &#8220;\u00bfCuantas puertas est\u00e1s dispuestx a cruzar?&#8221;  <a href=\"http:\/\/centrocultural.cotesma.com.ar\/actividades\/1491\">http:\/\/centrocultural.cotesma.com.ar\/actividades\/1491<\/a>)<\/p>\n\n\n\n<p>&#8211; S\u00e1bado 18 a las 19 y a las 21 hs, dos segmentos del Programa M\u00fasica Activa: &#8220;Brendance&#8221; junto a &#8220;Hermandad&#8221; y &#8220;Cuatro de copas&#8221; junto a &#8220;La Quinta Pata y el Gato&#8221; (<a href=\"http:\/\/centrocultural.cotesma.com.ar\/actividades\/1494\">http:\/\/centrocultural.cotesma.com.ar\/actividades\/1494<\/a>)<\/p>\n\n\n\n<p>&#8211; El martes 21 a las 18 hs en la Sala G\u00fcnther Blaas, realizaremos el Acto de Celebraci\u00f3n Oficial con palabras institucionales y algunas sorpresas;<\/p>\n\n\n\n<p>&#8211; Martes 21 a las 20 hs, a trav\u00e9s de la Red Espacios I.N.C.A.A. proyectaremos &#8220;PUNTO MUERTO&#8221; junto a su director Daniel de la Vega y su protagonista Osmar N\u00fa\u00f1ez; (<a href=\"http:\/\/centrocultural.cotesma.com.ar\/actividades\/1060\">http:\/\/centrocultural.cotesma.com.ar\/actividades\/1060<\/a>)<\/p>\n\n\n\n<p><br>&#8211; El mi\u00e9rcoles 22 a las 17 hs, en la Sala G\u00fcnther Blaas, de la mano del I.N.C.A.A., compartiremos una Charla junto al Director de Cine Daniel de la Vega; (<a href=\"http:\/\/centrocultural.cotesma.com.ar\/actividades\/1496\">http:\/\/centrocultural.cotesma.com.ar\/actividades\/149<\/a>)<\/p>\n\n\n\n<p>&#8211; El mi\u00e9rcoles 22 a las 19:30 hs, tambi\u00e9n a trav\u00e9s de la Red Espacios I.N.C.A.A., en compa\u00f1\u00eda de su protagonista el actor Osmar N\u00fa\u00f1ez, proyectaremos &#8220;JUAN Y EVA&#8221;. (<a href=\"http:\/\/centrocultural.cotesma.com.ar\/actividades\/1490\">http:\/\/centrocultural.cotesma.com.ar\/actividades\/1490<\/a>)<\/p>\n\n\n\n<p>&#8211; El s\u00e1bado 25 a las 17 hs, compartiremos junto a la Lic. Ana Mar\u00eda de Mena una imperdible Charla titulada &#8220;Las artes pl\u00e1sticas en San Mart\u00edn de los Andes&#8221;.&nbsp;Desde el jueves 16 de junio se pueden retirar las entradas en nuestra boleter\u00eda.&nbsp;<\/p>\n\n\n\n<p>Las actividades para celebrar dicho aniversario, cuentan con el apoyo de la Secretar\u00eda de Cultura de San Mart\u00edn de los Andes, el Instituto Nacional del Teatro, y la Honorable Legislatura del Neuqu\u00e9n.<\/p>\n","protected":false},"excerpt":{"rendered":"<p>20 de junio 1961 &#8211; 20 de junio 2022 Vamos a festejar doble, sumando lo que nos qued\u00f3 por celebrar en 2021, cuando cumplimos 30 a\u00f1os. Por eso, preparamos una cartelera de espect\u00e1culos y actividades GRATUITAS, para todo p\u00fablico, que queremos compartir con ustedes.&nbsp;CRONOGRAMA: &#8211; Viernes 17 a las 19 hs, desde Bariloche, La compa\u00f1\u00eda Titeres al viento presenta &#8220;Peque\u00f1as Historias Titiritescas&#8221; (http:\/\/centrocultural.cotesma.com.ar\/actividades\/1493) &#8211; S\u00e1bado &hellip; <a href=\"https:\/\/cultura.sma.gob.ar\/?p=3491\" class=\"more-link\">Continue reading <span class=\"screen-reader-text\">31\u00b0 ANIVERSARIO: Cumplimos 31 a\u00f1os y queremos celebrarlo con vos&#8230;<\/span><\/a><\/p>\n","protected":false},"author":1,"featured_media":297,"comment_status":"closed","ping_status":"","sticky":false,"template":"","format":"image","meta":{"footnotes":""},"categories":[2,9],"tags":[],"class_list":["post-3491","post","type-post","status-publish","format-image","has-post-thumbnail","hentry","category-ciudad-cultural","category-ultimas-noticias","post_format-post-format-image"],"_links":{"self":[{"href":"https:\/\/cultura.sma.gob.ar\/index.php?rest_route=\/wp\/v2\/posts\/3491","targetHints":{"allow":["GET"]}}],"collection":[{"href":"https:\/\/cultura.sma.gob.ar\/index.php?rest_route=\/wp\/v2\/posts"}],"about":[{"href":"https:\/\/cultura.sma.gob.ar\/index.php?rest_route=\/wp\/v2\/types\/post"}],"author":[{"embeddable":true,"href":"https:\/\/cultura.sma.gob.ar\/index.php?rest_route=\/wp\/v2\/users\/1"}],"replies":[{"embeddable":true,"href":"https:\/\/cultura.sma.gob.ar\/index.php?rest_route=%2Fwp%2Fv2%2Fcomments&post=3491"}],"version-history":[{"count":2,"href":"https:\/\/cultura.sma.gob.ar\/index.php?rest_route=\/wp\/v2\/posts\/3491\/revisions"}],"predecessor-version":[{"id":3497,"href":"https:\/\/cultura.sma.gob.ar\/index.php?rest_route=\/wp\/v2\/posts\/3491\/revisions\/3497"}],"wp:featuredmedia":[{"embeddable":true,"href":"https:\/\/cultura.sma.gob.ar\/index.php?rest_route=\/wp\/v2\/media\/297"}],"wp:attachment":[{"href":"https:\/\/cultura.sma.gob.ar\/index.php?rest_route=%2Fwp%2Fv2%2Fmedia&parent=3491"}],"wp:term":[{"taxonomy":"category","embeddable":true,"href":"https:\/\/cultura.sma.gob.ar\/index.php?rest_route=%2Fwp%2Fv2%2Fcategories&post=3491"},{"taxonomy":"post_tag","embeddable":true,"href":"https:\/\/cultura.sma.gob.ar\/index.php?rest_route=%2Fwp%2Fv2%2Ftags&post=3491"}],"curies":[{"name":"wp","href":"https:\/\/api.w.org\/{rel}","templated":true}]}}