{"id":3488,"date":"2022-06-15T22:13:16","date_gmt":"2022-06-16T01:13:16","guid":{"rendered":"http:\/\/cultura.sma.gob.ar\/?p=3488"},"modified":"2022-07-03T21:22:54","modified_gmt":"2022-07-04T00:22:54","slug":"abre-convocatoria-a-jurades-locales-para-cine-a-la-vista-2022","status":"publish","type":"post","link":"https:\/\/cultura.sma.gob.ar\/?p=3488","title":{"rendered":"Abre convocatoria a jurades locales para Cine a la Vista 2022 (Finalizada)"},"content":{"rendered":"\n<figure class=\"wp-block-image size-large\"><img loading=\"lazy\" decoding=\"async\" width=\"1024\" height=\"1024\" src=\"http:\/\/cultura.sma.gob.ar\/wp-content\/uploads\/2022\/06\/WhatsApp-Image-2022-06-08-at-5.37.45-PM-1-1024x1024.jpeg\" alt=\"\" class=\"wp-image-3489\" srcset=\"https:\/\/cultura.sma.gob.ar\/wp-content\/uploads\/2022\/06\/WhatsApp-Image-2022-06-08-at-5.37.45-PM-1-1024x1024.jpeg 1024w, https:\/\/cultura.sma.gob.ar\/wp-content\/uploads\/2022\/06\/WhatsApp-Image-2022-06-08-at-5.37.45-PM-1-300x300.jpeg 300w, https:\/\/cultura.sma.gob.ar\/wp-content\/uploads\/2022\/06\/WhatsApp-Image-2022-06-08-at-5.37.45-PM-1-150x150.jpeg 150w, https:\/\/cultura.sma.gob.ar\/wp-content\/uploads\/2022\/06\/WhatsApp-Image-2022-06-08-at-5.37.45-PM-1-768x768.jpeg 768w, https:\/\/cultura.sma.gob.ar\/wp-content\/uploads\/2022\/06\/WhatsApp-Image-2022-06-08-at-5.37.45-PM-1-90x90.jpeg 90w, https:\/\/cultura.sma.gob.ar\/wp-content\/uploads\/2022\/06\/WhatsApp-Image-2022-06-08-at-5.37.45-PM-1.jpeg 1280w\" sizes=\"auto, (max-width: 1024px) 100vw, 1024px\" \/><\/figure>\n\n\n\n<p>El Festival Internacional Cine a la Vista! abre la inscripci\u00f3n para adolescentes de San Mart\u00edn y Jun\u00edn de los Andes que quieran ser parte del Jurado de su octava edici\u00f3n, que se realizar\u00e1 en las salas del Centro Cultural Cotesma del 5 al 14 de septiembre. Para participar, hay que inscribirse en la web www.cinealavista.com<\/p>\n\n\n\n<p>La convocatoria apunta a j\u00f3venes que quieran disfrutar del mejor cine nacional e internacional junto a adolescentes que llegan desde distintos puntos de la Argentina y de pa\u00edses cercanos. El jurado deber\u00e1 ver, debatir y elegir las mejores pel\u00edculas, adem\u00e1s de compartir otras experiencias junto a personalidades invitadas, realizadores cinematogr\u00e1ficos y talleristas.<\/p>\n\n\n\n<p><strong>Los requisitos para participar son<\/strong>:<\/p>\n\n\n\n<p>-Tener entre 13 y 18 a\u00f1os<\/p>\n\n\n\n<p>-Vivir en San Mart\u00edn o Jun\u00edn de los Andes<\/p>\n\n\n\n<p><strong>\u00bfC\u00f3mo se inscriben?<\/strong><\/p>\n\n\n\n<p>En la web cinealavista.com<\/p>\n\n\n\n<p><strong>\u00bfHasta cu\u00e1ndo hay tiempo de inscribirse?<\/strong><\/p>\n\n\n\n<p>Hasta el 31 de Julio<\/p>\n\n\n\n<p>Cualquier consulta, pod\u00e9s escribirnos al Instagram @festivalcinealavista o al mail&nbsp;<a href=\"https:\/\/correo.smandes.gov.ar\/owa\/redir.aspx?C=4c8d28bb4acf4b55bf83e4823e7c5774&amp;URL=mailto%3ainfo%40cinealavista.com\">info@cinealavista.com<\/a>&nbsp;<\/p>\n","protected":false},"excerpt":{"rendered":"<p>El Festival Internacional Cine a la Vista! abre la inscripci\u00f3n para adolescentes de San Mart\u00edn y Jun\u00edn de los Andes que quieran ser parte del Jurado de su octava edici\u00f3n, que se realizar\u00e1 en las salas del Centro Cultural Cotesma del 5 al 14 de septiembre. Para participar, hay que inscribirse en la web www.cinealavista.com La convocatoria apunta a j\u00f3venes que quieran disfrutar del mejor &hellip; <a href=\"https:\/\/cultura.sma.gob.ar\/?p=3488\" class=\"more-link\">Continue reading <span class=\"screen-reader-text\">Abre convocatoria a jurades locales para Cine a la Vista 2022 (Finalizada)<\/span><\/a><\/p>\n","protected":false},"author":1,"featured_media":297,"comment_status":"closed","ping_status":"","sticky":false,"template":"","format":"image","meta":{"footnotes":""},"categories":[2,9],"tags":[],"class_list":["post-3488","post","type-post","status-publish","format-image","has-post-thumbnail","hentry","category-ciudad-cultural","category-ultimas-noticias","post_format-post-format-image"],"_links":{"self":[{"href":"https:\/\/cultura.sma.gob.ar\/index.php?rest_route=\/wp\/v2\/posts\/3488","targetHints":{"allow":["GET"]}}],"collection":[{"href":"https:\/\/cultura.sma.gob.ar\/index.php?rest_route=\/wp\/v2\/posts"}],"about":[{"href":"https:\/\/cultura.sma.gob.ar\/index.php?rest_route=\/wp\/v2\/types\/post"}],"author":[{"embeddable":true,"href":"https:\/\/cultura.sma.gob.ar\/index.php?rest_route=\/wp\/v2\/users\/1"}],"replies":[{"embeddable":true,"href":"https:\/\/cultura.sma.gob.ar\/index.php?rest_route=%2Fwp%2Fv2%2Fcomments&post=3488"}],"version-history":[{"count":2,"href":"https:\/\/cultura.sma.gob.ar\/index.php?rest_route=\/wp\/v2\/posts\/3488\/revisions"}],"predecessor-version":[{"id":3583,"href":"https:\/\/cultura.sma.gob.ar\/index.php?rest_route=\/wp\/v2\/posts\/3488\/revisions\/3583"}],"wp:featuredmedia":[{"embeddable":true,"href":"https:\/\/cultura.sma.gob.ar\/index.php?rest_route=\/wp\/v2\/media\/297"}],"wp:attachment":[{"href":"https:\/\/cultura.sma.gob.ar\/index.php?rest_route=%2Fwp%2Fv2%2Fmedia&parent=3488"}],"wp:term":[{"taxonomy":"category","embeddable":true,"href":"https:\/\/cultura.sma.gob.ar\/index.php?rest_route=%2Fwp%2Fv2%2Fcategories&post=3488"},{"taxonomy":"post_tag","embeddable":true,"href":"https:\/\/cultura.sma.gob.ar\/index.php?rest_route=%2Fwp%2Fv2%2Ftags&post=3488"}],"curies":[{"name":"wp","href":"https:\/\/api.w.org\/{rel}","templated":true}]}}