{"id":3473,"date":"2022-06-11T11:39:39","date_gmt":"2022-06-11T14:39:39","guid":{"rendered":"http:\/\/cultura.sma.gob.ar\/?p=3473"},"modified":"2022-06-11T11:39:39","modified_gmt":"2022-06-11T14:39:39","slug":"cine-a-la-gorra-perdicion-en-el-centro-cultural-cotesma","status":"publish","type":"post","link":"https:\/\/cultura.sma.gob.ar\/?p=3473","title":{"rendered":"Cine a la gorra: Perdici\u00f3n en el Centro Cultural Cotesma"},"content":{"rendered":"\n<figure class=\"wp-block-image size-large\"><img loading=\"lazy\" decoding=\"async\" width=\"650\" height=\"364\" src=\"http:\/\/cultura.sma.gob.ar\/wp-content\/uploads\/2022\/06\/Perdicion-Horizontal.jpg\" alt=\"\" class=\"wp-image-3474\" srcset=\"https:\/\/cultura.sma.gob.ar\/wp-content\/uploads\/2022\/06\/Perdicion-Horizontal.jpg 650w, https:\/\/cultura.sma.gob.ar\/wp-content\/uploads\/2022\/06\/Perdicion-Horizontal-300x168.jpg 300w, https:\/\/cultura.sma.gob.ar\/wp-content\/uploads\/2022\/06\/Perdicion-Horizontal-161x90.jpg 161w\" sizes=\"auto, (max-width: 650px) 100vw, 650px\" \/><\/figure>\n\n\n\n<p>El jueves, 16 de Junio a las 20:30hs en la Sala G\u00fcnther Blaas del Centro Cultural Cotesma, continuamos con la 6ta. Temporada de Proyecciones a la gorra. Como los a\u00f1os anteriores, la programaci\u00f3n y la presentaci\u00f3n est\u00e1 a cargo de Guillermo Ianniello, este a\u00f1o a beneficio del Club de Leones San Mart\u00edn de los Andes \u2013 Chapelco.<br>Continuando con el Ciclo N\u00b033 (Tercero de este a\u00f1o), titulado \u201cCL\u00c1SICOS EN BLANCO Y NEGRO\u201d, se proyectar\u00e1 \u201cPERDICI\u00d3N\u201d dirigida por Billy Wilder y protagonizada por Barbara Stanwyck, Fred MacMurray y Edward Robinson.<\/p>\n\n\n\n<p><strong>\u201cPerdici\u00f3n\u201d<\/strong>. (1944)<br>\u201cPerdici\u00f3n\u201d es una joya que gira alrededor de la figura sensual, maquiav\u00e9lica y p\u00e9rfida de una de las \u201cfemmes fatales\u201d m\u00e1s fascinantes del cine -una turbadora Barbara Stanwyck- que seduce a un c\u00ednico Fred McMurray, dando nacimiento a un romance prohibido y de impensadas consecuencias.<\/p>\n\n\n\n<p>Con un trabajo excepcional de sus protagonistas, son ellos los instrumentos de que se sirve el director Billy Wilder para contarnos esta absorbente y t\u00f3rrida historia ba\u00f1ada por las luces y las sombras de su fotograf\u00eda en blanco y negro, de tintes expresionistas y la sugerente y tensa m\u00fasica de Miklos Rozsa que potencian la atm\u00f3sfera malsana y asfixiante del film a la perfecci\u00f3n y que nos conducen de forma inexorable hacia un memorable doble final, de poderosa carga dram\u00e1tica y un lirismo arrebatador.<\/p>\n\n\n\n<p>En cuanto a la direcci\u00f3n, Wilder ofrece una clase magistral de c\u00f3mo utilizar dos recursos cinematogr\u00e1ficos: el \u201cflashback\u201d y la \u201cvoz en off\u201d.<br>Con el primero articula la historia cont\u00e1ndonos el final en el minuto 5; y con el segundo nos introduce en los pensamientos, sentimientos y reflexiones m\u00e1s profundos del protagonista.<\/p>\n\n\n\n<p>Partiendo de un formidable gui\u00f3n, la pel\u00edcula tiene un ritmo que atrapa al espectador. Estamos ante una obra maestra, un cl\u00e1sico de oro que no puede dejar de verse\u2026<\/p>\n\n\n\n<p>Duraci\u00f3n: 1 h. 46\u00b4.-<br>*********************************************************************************&nbsp;&nbsp;<br>Este Ciclo incluye tambi\u00e9n la siguiente pel\u00edcula:<br>*Jueves 30: \u201cLa Mentira Maldita\u201d<br>***************************************<\/p>\n","protected":false},"excerpt":{"rendered":"<p>El jueves, 16 de Junio a las 20:30hs en la Sala G\u00fcnther Blaas del Centro Cultural Cotesma, continuamos con la 6ta. Temporada de Proyecciones a la gorra. Como los a\u00f1os anteriores, la programaci\u00f3n y la presentaci\u00f3n est\u00e1 a cargo de Guillermo Ianniello, este a\u00f1o a beneficio del Club de Leones San Mart\u00edn de los Andes \u2013 Chapelco.Continuando con el Ciclo N\u00b033 (Tercero de este a\u00f1o), &hellip; <a href=\"https:\/\/cultura.sma.gob.ar\/?p=3473\" class=\"more-link\">Continue reading <span class=\"screen-reader-text\">Cine a la gorra: Perdici\u00f3n en el Centro Cultural Cotesma<\/span><\/a><\/p>\n","protected":false},"author":1,"featured_media":297,"comment_status":"closed","ping_status":"","sticky":false,"template":"","format":"image","meta":{"footnotes":""},"categories":[2,9],"tags":[],"class_list":["post-3473","post","type-post","status-publish","format-image","has-post-thumbnail","hentry","category-ciudad-cultural","category-ultimas-noticias","post_format-post-format-image"],"_links":{"self":[{"href":"https:\/\/cultura.sma.gob.ar\/index.php?rest_route=\/wp\/v2\/posts\/3473","targetHints":{"allow":["GET"]}}],"collection":[{"href":"https:\/\/cultura.sma.gob.ar\/index.php?rest_route=\/wp\/v2\/posts"}],"about":[{"href":"https:\/\/cultura.sma.gob.ar\/index.php?rest_route=\/wp\/v2\/types\/post"}],"author":[{"embeddable":true,"href":"https:\/\/cultura.sma.gob.ar\/index.php?rest_route=\/wp\/v2\/users\/1"}],"replies":[{"embeddable":true,"href":"https:\/\/cultura.sma.gob.ar\/index.php?rest_route=%2Fwp%2Fv2%2Fcomments&post=3473"}],"version-history":[{"count":1,"href":"https:\/\/cultura.sma.gob.ar\/index.php?rest_route=\/wp\/v2\/posts\/3473\/revisions"}],"predecessor-version":[{"id":3475,"href":"https:\/\/cultura.sma.gob.ar\/index.php?rest_route=\/wp\/v2\/posts\/3473\/revisions\/3475"}],"wp:featuredmedia":[{"embeddable":true,"href":"https:\/\/cultura.sma.gob.ar\/index.php?rest_route=\/wp\/v2\/media\/297"}],"wp:attachment":[{"href":"https:\/\/cultura.sma.gob.ar\/index.php?rest_route=%2Fwp%2Fv2%2Fmedia&parent=3473"}],"wp:term":[{"taxonomy":"category","embeddable":true,"href":"https:\/\/cultura.sma.gob.ar\/index.php?rest_route=%2Fwp%2Fv2%2Fcategories&post=3473"},{"taxonomy":"post_tag","embeddable":true,"href":"https:\/\/cultura.sma.gob.ar\/index.php?rest_route=%2Fwp%2Fv2%2Ftags&post=3473"}],"curies":[{"name":"wp","href":"https:\/\/api.w.org\/{rel}","templated":true}]}}