{"id":3470,"date":"2022-06-09T11:41:19","date_gmt":"2022-06-09T14:41:19","guid":{"rendered":"http:\/\/cultura.sma.gob.ar\/?p=3470"},"modified":"2022-06-15T22:28:45","modified_gmt":"2022-06-16T01:28:45","slug":"ciclo-herencia-afro-matriz-afro-taller-de-percusion-gratuito","status":"publish","type":"post","link":"https:\/\/cultura.sma.gob.ar\/?p=3470","title":{"rendered":"Ciclo &#8220;Herencia Afro&#8221;: &#8220;Matriz Afro &#8211; Taller gratuito de percusi\u00f3n"},"content":{"rendered":"\n<figure class=\"wp-block-gallery columns-1 is-cropped wp-block-gallery-1 is-layout-flex wp-block-gallery-is-layout-flex\"><ul class=\"blocks-gallery-grid\"><li class=\"blocks-gallery-item\"><figure><img loading=\"lazy\" decoding=\"async\" width=\"1024\" height=\"1024\" src=\"http:\/\/cultura.sma.gob.ar\/wp-content\/uploads\/2022\/06\/afro-1024x1024.jpg\" alt=\"\" data-id=\"3495\" data-full-url=\"http:\/\/cultura.sma.gob.ar\/wp-content\/uploads\/2022\/06\/afro.jpg\" data-link=\"http:\/\/cultura.sma.gob.ar\/2022\/06\/09\/ciclo-herencia-afro-matriz-afro-taller-de-percusion-gratuito\/afro\/\" class=\"wp-image-3495\" srcset=\"https:\/\/cultura.sma.gob.ar\/wp-content\/uploads\/2022\/06\/afro-1024x1024.jpg 1024w, https:\/\/cultura.sma.gob.ar\/wp-content\/uploads\/2022\/06\/afro-300x300.jpg 300w, https:\/\/cultura.sma.gob.ar\/wp-content\/uploads\/2022\/06\/afro-150x150.jpg 150w, https:\/\/cultura.sma.gob.ar\/wp-content\/uploads\/2022\/06\/afro-768x768.jpg 768w, https:\/\/cultura.sma.gob.ar\/wp-content\/uploads\/2022\/06\/afro-90x90.jpg 90w, https:\/\/cultura.sma.gob.ar\/wp-content\/uploads\/2022\/06\/afro.jpg 1234w\" sizes=\"auto, (max-width: 1024px) 100vw, 1024px\" \/><\/figure><\/li><\/ul><\/figure>\n\n\n\n<p>En el marco del ciclo &#8220;Herencia Afro&#8221; el Ministerio de las Culturas del Neuqu\u00e9n, con el acompa\u00f1amiento del Municipio de San Mart\u00edn de los Andes, presenta la actividad \u201cMatriz Afro\u201d, un taller integral de tambor a cargo de Tato Tambor que indagar\u00e1 en los ritmos afrocubanos y afrobrasileros. <\/p>\n\n\n\n<p>Se realizar\u00e1n cuatro encuentros con entrada libre y gratuita, en el Teatro San Jos\u00e9, en Capit\u00e1n Drury 759.<\/p>\n\n\n\n<p>Quienes quieran participar deber\u00e1n ser mayores de 15 a\u00f1os de edad. No es necesario tener tambor, qui\u00e9n tenga puede asistir con el. <\/p>\n\n\n\n<p>Por informes e inscripciones comunicarse al WhatsApp 2944-667128 o al mail leonelpercusion@gmail.com<\/p>\n","protected":false},"excerpt":{"rendered":"<p>En el marco del ciclo &#8220;Herencia Afro&#8221; el Ministerio de las Culturas del Neuqu\u00e9n, con el acompa\u00f1amiento del Municipio de San Mart\u00edn de los Andes, presenta la actividad \u201cMatriz Afro\u201d, un taller integral de tambor a cargo de Tato Tambor que indagar\u00e1 en los ritmos afrocubanos y afrobrasileros. Se realizar\u00e1n cuatro encuentros con entrada libre y gratuita, en el Teatro San Jos\u00e9, en Capit\u00e1n Drury &hellip; <a href=\"https:\/\/cultura.sma.gob.ar\/?p=3470\" class=\"more-link\">Continue reading <span class=\"screen-reader-text\">Ciclo &#8220;Herencia Afro&#8221;: &#8220;Matriz Afro &#8211; Taller gratuito de percusi\u00f3n<\/span><\/a><\/p>\n","protected":false},"author":1,"featured_media":293,"comment_status":"closed","ping_status":"","sticky":false,"template":"","format":"image","meta":{"footnotes":""},"categories":[7,9],"tags":[],"class_list":["post-3470","post","type-post","status-publish","format-image","has-post-thumbnail","hentry","category-talleres-cultura","category-ultimas-noticias","post_format-post-format-image"],"_links":{"self":[{"href":"https:\/\/cultura.sma.gob.ar\/index.php?rest_route=\/wp\/v2\/posts\/3470","targetHints":{"allow":["GET"]}}],"collection":[{"href":"https:\/\/cultura.sma.gob.ar\/index.php?rest_route=\/wp\/v2\/posts"}],"about":[{"href":"https:\/\/cultura.sma.gob.ar\/index.php?rest_route=\/wp\/v2\/types\/post"}],"author":[{"embeddable":true,"href":"https:\/\/cultura.sma.gob.ar\/index.php?rest_route=\/wp\/v2\/users\/1"}],"replies":[{"embeddable":true,"href":"https:\/\/cultura.sma.gob.ar\/index.php?rest_route=%2Fwp%2Fv2%2Fcomments&post=3470"}],"version-history":[{"count":2,"href":"https:\/\/cultura.sma.gob.ar\/index.php?rest_route=\/wp\/v2\/posts\/3470\/revisions"}],"predecessor-version":[{"id":3496,"href":"https:\/\/cultura.sma.gob.ar\/index.php?rest_route=\/wp\/v2\/posts\/3470\/revisions\/3496"}],"wp:featuredmedia":[{"embeddable":true,"href":"https:\/\/cultura.sma.gob.ar\/index.php?rest_route=\/wp\/v2\/media\/293"}],"wp:attachment":[{"href":"https:\/\/cultura.sma.gob.ar\/index.php?rest_route=%2Fwp%2Fv2%2Fmedia&parent=3470"}],"wp:term":[{"taxonomy":"category","embeddable":true,"href":"https:\/\/cultura.sma.gob.ar\/index.php?rest_route=%2Fwp%2Fv2%2Fcategories&post=3470"},{"taxonomy":"post_tag","embeddable":true,"href":"https:\/\/cultura.sma.gob.ar\/index.php?rest_route=%2Fwp%2Fv2%2Ftags&post=3470"}],"curies":[{"name":"wp","href":"https:\/\/api.w.org\/{rel}","templated":true}]}}