{"id":3461,"date":"2022-06-07T16:19:49","date_gmt":"2022-06-07T19:19:49","guid":{"rendered":"http:\/\/cultura.sma.gob.ar\/?p=3461"},"modified":"2022-07-31T21:27:33","modified_gmt":"2022-08-01T00:27:33","slug":"programa-de-talleres-la-escuela-en-la-sala-mirar-es-hacer","status":"publish","type":"post","link":"https:\/\/cultura.sma.gob.ar\/?p=3461","title":{"rendered":"Programa de talleres \u201cLa Escuela en la Sala: MIRAR ES HACER&#8221;"},"content":{"rendered":"\n<figure class=\"wp-block-image size-large\"><img loading=\"lazy\" decoding=\"async\" width=\"1024\" height=\"1024\" src=\"http:\/\/cultura.sma.gob.ar\/wp-content\/uploads\/2022\/06\/mirar-es-hacer-03-1024x1024.jpg\" alt=\"\" class=\"wp-image-3462\" srcset=\"https:\/\/cultura.sma.gob.ar\/wp-content\/uploads\/2022\/06\/mirar-es-hacer-03-1024x1024.jpg 1024w, https:\/\/cultura.sma.gob.ar\/wp-content\/uploads\/2022\/06\/mirar-es-hacer-03-300x300.jpg 300w, https:\/\/cultura.sma.gob.ar\/wp-content\/uploads\/2022\/06\/mirar-es-hacer-03-150x150.jpg 150w, https:\/\/cultura.sma.gob.ar\/wp-content\/uploads\/2022\/06\/mirar-es-hacer-03-768x768.jpg 768w, https:\/\/cultura.sma.gob.ar\/wp-content\/uploads\/2022\/06\/mirar-es-hacer-03-1536x1536.jpg 1536w, https:\/\/cultura.sma.gob.ar\/wp-content\/uploads\/2022\/06\/mirar-es-hacer-03-90x90.jpg 90w, https:\/\/cultura.sma.gob.ar\/wp-content\/uploads\/2022\/06\/mirar-es-hacer-03.jpg 1875w\" sizes=\"auto, (max-width: 1024px) 100vw, 1024px\" \/><\/figure>\n\n\n\n<p>Visitas interpretativas a las muestras y talleres para grupos escolares en la Sala Municipal de Exposiciones \u201cLidaura Chapitel\u201d<\/p>\n\n\n\n<p>Destinatarios: 3\u00ba y 4\u00ba grado de nivel primario<\/p>\n\n\n\n<p>D\u00edas: &#8211; Turno ma\u00f1ana: MARTES 9; 16 y 23 de AGOSTO de 10 a 11:30 hs. &#8211; Turno tarde: LUNES 8; 15 y 22 de AGOSTO de 15:30 a 16:45 hs.<\/p>\n\n\n\n<p>Cupo: 30 chicos\/as por taller.<\/p>\n\n\n\n<p>Informes e inscripci\u00f3n: Sala Municipal de Exposiciones Lidaura Chapitel &#8211; Drury 665. Tel\u00e9fonos 424-804Mail: salamunicipal.chapitel@gmail.com<\/p>\n\n\n\n<p>RESE\u00d1A DEL TALLER:La actividad combina dos maneras de acercarse a las obras, por un lado recorriendo la muestra a trav\u00e9s de algunas preguntas planteadas para discutir grupalmente las percepciones y contenidos de las im\u00e1genes, y un segundo instante de producci\u00f3n grupal planteado como experimentaci\u00f3n sobre la propia realizaci\u00f3n.Finalizamos la actividad con una puesta en com\u00fan<\/p>\n\n\n\n<p><strong>Actividad propuesta:<\/strong><\/p>\n\n\n\n<p><strong>Presentaci\u00f3n\/Introducci\u00f3n:<\/strong><br>Se propone un recorrido a trav\u00e9s de la muestra que indague sobre las distintas<br>herramientas de las artes visuales y otras disciplinas que se entremezclan en cada<br>una de las obras, reconociendo c\u00f3mo se cruzan y yuxtaponen recursos para generar los diferentes discursos en el arte actual.<\/p>\n\n\n\n<p><strong>Actividad:<\/strong><br>Construiremos \u201cespacios\u201d irreales creados con los recursos de la geometr\u00eda abstracta combinado la espacialidad 3D y el dibujo en 2D.<\/p>\n\n\n\n<p><strong>Cierre:<\/strong><br>Concluiremos con una puesta en com\u00fan, compartiendo los pareceres y experiencias surgidas del recorrido por la exposici\u00f3n y lo producido durante el taller.<\/p>\n","protected":false},"excerpt":{"rendered":"<p>Visitas interpretativas a las muestras y talleres para grupos escolares en la Sala Municipal de Exposiciones \u201cLidaura Chapitel\u201d Destinatarios: 3\u00ba y 4\u00ba grado de nivel primario D\u00edas: &#8211; Turno ma\u00f1ana: MARTES 9; 16 y 23 de AGOSTO de 10 a 11:30 hs. &#8211; Turno tarde: LUNES 8; 15 y 22 de AGOSTO de 15:30 a 16:45 hs. Cupo: 30 chicos\/as por taller. Informes e inscripci\u00f3n: &hellip; <a href=\"https:\/\/cultura.sma.gob.ar\/?p=3461\" class=\"more-link\">Continue reading <span class=\"screen-reader-text\">Programa de talleres \u201cLa Escuela en la Sala: MIRAR ES HACER&#8221;<\/span><\/a><\/p>\n","protected":false},"author":1,"featured_media":295,"comment_status":"closed","ping_status":"","sticky":false,"template":"","format":"image","meta":{"footnotes":""},"categories":[6,9],"tags":[],"class_list":["post-3461","post","type-post","status-publish","format-image","has-post-thumbnail","hentry","category-sala-lidaura-chapitel","category-ultimas-noticias","post_format-post-format-image"],"_links":{"self":[{"href":"https:\/\/cultura.sma.gob.ar\/index.php?rest_route=\/wp\/v2\/posts\/3461","targetHints":{"allow":["GET"]}}],"collection":[{"href":"https:\/\/cultura.sma.gob.ar\/index.php?rest_route=\/wp\/v2\/posts"}],"about":[{"href":"https:\/\/cultura.sma.gob.ar\/index.php?rest_route=\/wp\/v2\/types\/post"}],"author":[{"embeddable":true,"href":"https:\/\/cultura.sma.gob.ar\/index.php?rest_route=\/wp\/v2\/users\/1"}],"replies":[{"embeddable":true,"href":"https:\/\/cultura.sma.gob.ar\/index.php?rest_route=%2Fwp%2Fv2%2Fcomments&post=3461"}],"version-history":[{"count":3,"href":"https:\/\/cultura.sma.gob.ar\/index.php?rest_route=\/wp\/v2\/posts\/3461\/revisions"}],"predecessor-version":[{"id":3713,"href":"https:\/\/cultura.sma.gob.ar\/index.php?rest_route=\/wp\/v2\/posts\/3461\/revisions\/3713"}],"wp:featuredmedia":[{"embeddable":true,"href":"https:\/\/cultura.sma.gob.ar\/index.php?rest_route=\/wp\/v2\/media\/295"}],"wp:attachment":[{"href":"https:\/\/cultura.sma.gob.ar\/index.php?rest_route=%2Fwp%2Fv2%2Fmedia&parent=3461"}],"wp:term":[{"taxonomy":"category","embeddable":true,"href":"https:\/\/cultura.sma.gob.ar\/index.php?rest_route=%2Fwp%2Fv2%2Fcategories&post=3461"},{"taxonomy":"post_tag","embeddable":true,"href":"https:\/\/cultura.sma.gob.ar\/index.php?rest_route=%2Fwp%2Fv2%2Ftags&post=3461"}],"curies":[{"name":"wp","href":"https:\/\/api.w.org\/{rel}","templated":true}]}}