{"id":3454,"date":"2022-06-07T09:20:33","date_gmt":"2022-06-07T12:20:33","guid":{"rendered":"http:\/\/cultura.sma.gob.ar\/?p=3454"},"modified":"2022-06-29T19:54:46","modified_gmt":"2022-06-29T22:54:46","slug":"la-sala-municipal-de-exposiciones-lidaura-chapitel-abre-tres-nuevas-muestras-de-artistas-seleccionados-e-invitados","status":"publish","type":"post","link":"https:\/\/cultura.sma.gob.ar\/?p=3454","title":{"rendered":"La Sala Municipal de Exposiciones Lidaura Chapitel abre tres nuevas muestras de artistas seleccionados e invitados (Finalizada)"},"content":{"rendered":"\n<figure class=\"wp-block-image size-large\"><img loading=\"lazy\" decoding=\"async\" width=\"1024\" height=\"1024\" src=\"http:\/\/cultura.sma.gob.ar\/wp-content\/uploads\/2022\/06\/expo-05-1-1024x1024.jpg\" alt=\"\" class=\"wp-image-3455\" srcset=\"https:\/\/cultura.sma.gob.ar\/wp-content\/uploads\/2022\/06\/expo-05-1-1024x1024.jpg 1024w, https:\/\/cultura.sma.gob.ar\/wp-content\/uploads\/2022\/06\/expo-05-1-300x300.jpg 300w, https:\/\/cultura.sma.gob.ar\/wp-content\/uploads\/2022\/06\/expo-05-1-150x150.jpg 150w, https:\/\/cultura.sma.gob.ar\/wp-content\/uploads\/2022\/06\/expo-05-1-768x768.jpg 768w, https:\/\/cultura.sma.gob.ar\/wp-content\/uploads\/2022\/06\/expo-05-1-1536x1536.jpg 1536w, https:\/\/cultura.sma.gob.ar\/wp-content\/uploads\/2022\/06\/expo-05-1-90x90.jpg 90w, https:\/\/cultura.sma.gob.ar\/wp-content\/uploads\/2022\/06\/expo-05-1.jpg 1875w\" sizes=\"auto, (max-width: 1024px) 100vw, 1024px\" \/><\/figure>\n\n\n\n<p>La inauguraci\u00f3n ser\u00e1 el viernes 10 de junio a las  19:30, y la muestra estar\u00e1 vigente hasta el 29 de junio. Podr\u00e1 ser visitada de lunes a viernes de 10 a 12 y de 16 a 20, y s\u00e1bados de 16 a 20 hs, con entrada entrada libre, abierta y gratuita.<\/p>\n\n\n\n<p><strong>Hebe Torres (Zapala, 1954) &#8211; \u201cNo queremos flores\u201d &#8211; objetos escult\u00f3ricos, pinturas, instalaciones. Artista local.<\/strong><\/p>\n\n\n\n<p>La artista aborda las tensiones que generan la discriminaci\u00f3n, la violencia y la desigualdad que se manifiestan social, cultural y econ\u00f3micamente. Su obra se\u00f1ala las problem\u00e1ticas de g\u00e9nero y los v\u00ednculos de poder.<\/p>\n\n\n\n<p><strong>Dar\u00edo Mastrosimone (Buenos Aires, 1964) \u201cEn b\u00fasqueda de la belleza\u201d \u2013 pinturas. Artista local.<\/strong><\/p>\n\n\n\n<p>(\u2026) \u201cLa intenci\u00f3n del artista en recrear la belleza del entorno es buscar un lenguaje que pueda renombrarla como extraordinaria y crear as\u00ed un objeto art\u00edstico que supere las visiones que tenemos de lo real para llevarnos al redescubrimiento de lo bello. \u201c (\u2026)<\/p>\n\n\n\n<figure class=\"wp-block-image size-large\"><img loading=\"lazy\" decoding=\"async\" width=\"1024\" height=\"1024\" src=\"http:\/\/cultura.sma.gob.ar\/wp-content\/uploads\/2022\/06\/expo-02-1024x1024.jpg\" alt=\"\" class=\"wp-image-3456\" srcset=\"https:\/\/cultura.sma.gob.ar\/wp-content\/uploads\/2022\/06\/expo-02-1024x1024.jpg 1024w, https:\/\/cultura.sma.gob.ar\/wp-content\/uploads\/2022\/06\/expo-02-300x300.jpg 300w, https:\/\/cultura.sma.gob.ar\/wp-content\/uploads\/2022\/06\/expo-02-150x150.jpg 150w, https:\/\/cultura.sma.gob.ar\/wp-content\/uploads\/2022\/06\/expo-02-768x768.jpg 768w, https:\/\/cultura.sma.gob.ar\/wp-content\/uploads\/2022\/06\/expo-02-1536x1536.jpg 1536w, https:\/\/cultura.sma.gob.ar\/wp-content\/uploads\/2022\/06\/expo-02-90x90.jpg 90w, https:\/\/cultura.sma.gob.ar\/wp-content\/uploads\/2022\/06\/expo-02.jpg 1875w\" sizes=\"auto, (max-width: 1024px) 100vw, 1024px\" \/><\/figure>\n\n\n\n<p><strong>Paula Nahmod (Buenos Aires, 1972) \u201cPercepciones de un espacio desmaterializado\u201d \u2013 pinturas. Artista de CABA.<\/strong><\/p>\n\n\n\n<p>La artista expresa una visi\u00f3n sobre los espacios interrumpidos, las arquitecturas rotas, deconstru\u00eddas y reinterpretadas mediante abstracciones con la impronta de una visi\u00f3n multifocal con diversos puntos de vista, influenciada por el cine, los juegos 3D y los m\u00faltiples dispositivos digitales.<\/p>\n\n\n\n<figure class=\"wp-block-image size-large\"><img loading=\"lazy\" decoding=\"async\" width=\"1024\" height=\"1024\" src=\"http:\/\/cultura.sma.gob.ar\/wp-content\/uploads\/2022\/06\/expo-06-1-1024x1024.jpg\" alt=\"\" class=\"wp-image-3457\" srcset=\"https:\/\/cultura.sma.gob.ar\/wp-content\/uploads\/2022\/06\/expo-06-1-1024x1024.jpg 1024w, https:\/\/cultura.sma.gob.ar\/wp-content\/uploads\/2022\/06\/expo-06-1-300x300.jpg 300w, https:\/\/cultura.sma.gob.ar\/wp-content\/uploads\/2022\/06\/expo-06-1-150x150.jpg 150w, https:\/\/cultura.sma.gob.ar\/wp-content\/uploads\/2022\/06\/expo-06-1-768x768.jpg 768w, https:\/\/cultura.sma.gob.ar\/wp-content\/uploads\/2022\/06\/expo-06-1-1536x1536.jpg 1536w, https:\/\/cultura.sma.gob.ar\/wp-content\/uploads\/2022\/06\/expo-06-1-90x90.jpg 90w, https:\/\/cultura.sma.gob.ar\/wp-content\/uploads\/2022\/06\/expo-06-1.jpg 1875w\" sizes=\"auto, (max-width: 1024px) 100vw, 1024px\" \/><\/figure>\n","protected":false},"excerpt":{"rendered":"<p>La inauguraci\u00f3n ser\u00e1 el viernes 10 de junio a las 19:30, y la muestra estar\u00e1 vigente hasta el 29 de junio. Podr\u00e1 ser visitada de lunes a viernes de 10 a 12 y de 16 a 20, y s\u00e1bados de 16 a 20 hs, con entrada entrada libre, abierta y gratuita. Hebe Torres (Zapala, 1954) &#8211; \u201cNo queremos flores\u201d &#8211; objetos escult\u00f3ricos, pinturas, instalaciones. Artista &hellip; <a href=\"https:\/\/cultura.sma.gob.ar\/?p=3454\" class=\"more-link\">Continue reading <span class=\"screen-reader-text\">La Sala Municipal de Exposiciones Lidaura Chapitel abre tres nuevas muestras de artistas seleccionados e invitados (Finalizada)<\/span><\/a><\/p>\n","protected":false},"author":1,"featured_media":295,"comment_status":"closed","ping_status":"","sticky":false,"template":"","format":"image","meta":{"footnotes":""},"categories":[6,9],"tags":[],"class_list":["post-3454","post","type-post","status-publish","format-image","has-post-thumbnail","hentry","category-sala-lidaura-chapitel","category-ultimas-noticias","post_format-post-format-image"],"_links":{"self":[{"href":"https:\/\/cultura.sma.gob.ar\/index.php?rest_route=\/wp\/v2\/posts\/3454","targetHints":{"allow":["GET"]}}],"collection":[{"href":"https:\/\/cultura.sma.gob.ar\/index.php?rest_route=\/wp\/v2\/posts"}],"about":[{"href":"https:\/\/cultura.sma.gob.ar\/index.php?rest_route=\/wp\/v2\/types\/post"}],"author":[{"embeddable":true,"href":"https:\/\/cultura.sma.gob.ar\/index.php?rest_route=\/wp\/v2\/users\/1"}],"replies":[{"embeddable":true,"href":"https:\/\/cultura.sma.gob.ar\/index.php?rest_route=%2Fwp%2Fv2%2Fcomments&post=3454"}],"version-history":[{"count":2,"href":"https:\/\/cultura.sma.gob.ar\/index.php?rest_route=\/wp\/v2\/posts\/3454\/revisions"}],"predecessor-version":[{"id":3546,"href":"https:\/\/cultura.sma.gob.ar\/index.php?rest_route=\/wp\/v2\/posts\/3454\/revisions\/3546"}],"wp:featuredmedia":[{"embeddable":true,"href":"https:\/\/cultura.sma.gob.ar\/index.php?rest_route=\/wp\/v2\/media\/295"}],"wp:attachment":[{"href":"https:\/\/cultura.sma.gob.ar\/index.php?rest_route=%2Fwp%2Fv2%2Fmedia&parent=3454"}],"wp:term":[{"taxonomy":"category","embeddable":true,"href":"https:\/\/cultura.sma.gob.ar\/index.php?rest_route=%2Fwp%2Fv2%2Fcategories&post=3454"},{"taxonomy":"post_tag","embeddable":true,"href":"https:\/\/cultura.sma.gob.ar\/index.php?rest_route=%2Fwp%2Fv2%2Ftags&post=3454"}],"curies":[{"name":"wp","href":"https:\/\/api.w.org\/{rel}","templated":true}]}}