{"id":345,"date":"2020-10-03T11:26:53","date_gmt":"2020-10-03T14:26:53","guid":{"rendered":"http:\/\/cultura.sma.gob.ar\/?p=345"},"modified":"2020-10-03T12:04:21","modified_gmt":"2020-10-03T15:04:21","slug":"curso-virtual-de-direccion-de-fotografia-enerc","status":"publish","type":"post","link":"https:\/\/cultura.sma.gob.ar\/?p=345","title":{"rendered":"Curso Virtual de Direccion de Fotograf\u00eda &#8211; ENERC"},"content":{"rendered":"\n<figure class=\"wp-block-image size-large\"><img loading=\"lazy\" decoding=\"async\" width=\"1024\" height=\"1024\" src=\"http:\/\/cultura.sma.gob.ar\/wp-content\/uploads\/2020\/10\/IMG-20200929-WA0018-1024x1024.jpg\" alt=\"\" class=\"wp-image-346\" srcset=\"https:\/\/cultura.sma.gob.ar\/wp-content\/uploads\/2020\/10\/IMG-20200929-WA0018-1024x1024.jpg 1024w, https:\/\/cultura.sma.gob.ar\/wp-content\/uploads\/2020\/10\/IMG-20200929-WA0018-300x300.jpg 300w, https:\/\/cultura.sma.gob.ar\/wp-content\/uploads\/2020\/10\/IMG-20200929-WA0018-150x150.jpg 150w, https:\/\/cultura.sma.gob.ar\/wp-content\/uploads\/2020\/10\/IMG-20200929-WA0018-768x768.jpg 768w, https:\/\/cultura.sma.gob.ar\/wp-content\/uploads\/2020\/10\/IMG-20200929-WA0018-90x90.jpg 90w, https:\/\/cultura.sma.gob.ar\/wp-content\/uploads\/2020\/10\/IMG-20200929-WA0018.jpg 1080w\" sizes=\"auto, (max-width: 1024px) 100vw, 1024px\" \/><\/figure>\n\n\n\n<p>Desde ENERC SEDE PATAGONIA NORTE, en articulaci\u00f3n con la Coordinaci\u00f3n de Sedes Regionales, la Coordinaci\u00f3n de Extensi\u00f3n Acad\u00e9mica de la ENERC y el Ministerio de las Culturas de la Provincia del Neuqu\u00e9n, se invita al Curso de Capacitaci\u00f3n virtual sobre \u201cDIRECCI\u00d3N DE FOTOGRAF\u00cdA\u201d.<\/p>\n\n\n\n<p>Los\/as fot\u00f3grafos\/as, realizadores de la regi\u00f3n y egresadas\/os de la ENERC SEDE PATAGONIA NORTE podr\u00e1n profundizar las herramientas t\u00e9cnicas, conceptos te\u00f3ricos, el an\u00e1lisis y la reflexi\u00f3n est\u00e9tica y creativa en la construcci\u00f3n intelectual de la imagen, como recurso narrativo y art\u00edstico.<\/p>\n\n\n\n<p>Las\/os interesadas\/os en participar tendr\u00e1n que tener conocimientos avanzados en fotograf\u00eda y contar con equipamiento propio (c\u00e1mara fotogr\u00e1fica DSLR, Pc o Mac, acceso a internet, una cuenta de gmail y un software compatible con archivos RAW\/JPG).<\/p>\n\n\n\n<p>Esta capacitaci\u00f3n que ser\u00e1 dictada por el Director de Fotograf\u00eda y Docente de la ENERC, Ariel VILCHES, comenzar\u00e1 el d\u00eda martes 13 de octubre de 18:30 hs a 20:00 hs, a trav\u00e9s de la plataforma Zoom, y se extender\u00e1 a lo largo de 8 jornadas semanales consecutivas.<\/p>\n\n\n\n<p>Los interesados en participar de esta capacitaci\u00f3n gratuita, deber\u00e1n inscribirse, hasta el dia 9 de octubre mediante el siguiente link:&nbsp;<a href=\"https:\/\/forms.gle\/XzBUE4mne8Ns83geA\" rel=\"noreferrer noopener\" target=\"_blank\">https:\/\/forms.gle\/XzBUE4mne8Ns83geA<\/a><\/p>\n\n\n\n<p class=\"has-text-align-justify\">El Vicerrector de la ENERC Sede Patagonia Norte, Mart\u00edn Ferrari manifest\u00f3 \u201cesta capacitaci\u00f3n gratuita y de primer nivel que se ofrece, ser\u00e1 sin duda de gran utilidad para fortalecer el nivel de fot\u00f3grafos\/as, realizadores de la regi\u00f3n y egresados\/as de la ENERC\u201d. En ese sentido, el Ministro de las Culturas de la provincia del Neuqu\u00e9n, Prof. Marcelo COLONNA, hizo hincapi\u00e9 en \u201cel aporte que la ENERC y el INCAA junto con el Ministerio, vienen llevando a cabo en la formaci\u00f3n y fomento de la industria del cine en la provincia y en la regi\u00f3n\u201d.<\/p>\n","protected":false},"excerpt":{"rendered":"<p>Comenzar\u00e1 el d\u00eda martes 13 de octubre de 18:30 hs a 20:00 hs, a trav\u00e9s de la plataforma Zoom, y se extender\u00e1 a lo largo de 8 jornadas semanales consecutivas. <a href=\"https:\/\/cultura.sma.gob.ar\/?p=345\" class=\"more-link\">Continue reading <span class=\"screen-reader-text\">Curso Virtual de Direccion de Fotograf\u00eda &#8211; ENERC<\/span><\/a><\/p>\n","protected":false},"author":1,"featured_media":297,"comment_status":"closed","ping_status":"","sticky":false,"template":"","format":"image","meta":{"footnotes":""},"categories":[2,9],"tags":[],"class_list":["post-345","post","type-post","status-publish","format-image","has-post-thumbnail","hentry","category-ciudad-cultural","category-ultimas-noticias","post_format-post-format-image"],"_links":{"self":[{"href":"https:\/\/cultura.sma.gob.ar\/index.php?rest_route=\/wp\/v2\/posts\/345","targetHints":{"allow":["GET"]}}],"collection":[{"href":"https:\/\/cultura.sma.gob.ar\/index.php?rest_route=\/wp\/v2\/posts"}],"about":[{"href":"https:\/\/cultura.sma.gob.ar\/index.php?rest_route=\/wp\/v2\/types\/post"}],"author":[{"embeddable":true,"href":"https:\/\/cultura.sma.gob.ar\/index.php?rest_route=\/wp\/v2\/users\/1"}],"replies":[{"embeddable":true,"href":"https:\/\/cultura.sma.gob.ar\/index.php?rest_route=%2Fwp%2Fv2%2Fcomments&post=345"}],"version-history":[{"count":2,"href":"https:\/\/cultura.sma.gob.ar\/index.php?rest_route=\/wp\/v2\/posts\/345\/revisions"}],"predecessor-version":[{"id":364,"href":"https:\/\/cultura.sma.gob.ar\/index.php?rest_route=\/wp\/v2\/posts\/345\/revisions\/364"}],"wp:featuredmedia":[{"embeddable":true,"href":"https:\/\/cultura.sma.gob.ar\/index.php?rest_route=\/wp\/v2\/media\/297"}],"wp:attachment":[{"href":"https:\/\/cultura.sma.gob.ar\/index.php?rest_route=%2Fwp%2Fv2%2Fmedia&parent=345"}],"wp:term":[{"taxonomy":"category","embeddable":true,"href":"https:\/\/cultura.sma.gob.ar\/index.php?rest_route=%2Fwp%2Fv2%2Fcategories&post=345"},{"taxonomy":"post_tag","embeddable":true,"href":"https:\/\/cultura.sma.gob.ar\/index.php?rest_route=%2Fwp%2Fv2%2Ftags&post=345"}],"curies":[{"name":"wp","href":"https:\/\/api.w.org\/{rel}","templated":true}]}}