{"id":3449,"date":"2022-06-04T19:45:42","date_gmt":"2022-06-04T22:45:42","guid":{"rendered":"http:\/\/cultura.sma.gob.ar\/?p=3449"},"modified":"2022-06-04T19:45:42","modified_gmt":"2022-06-04T22:45:42","slug":"concierto-de-cierre-del-encuentro-internacional-de-coros-liturgicos-y-ensambles-musicales","status":"publish","type":"post","link":"https:\/\/cultura.sma.gob.ar\/?p=3449","title":{"rendered":"Concierto de Cierre del \u201cEncuentro Internacional de coros lit\u00fargicos y ensambles musicales\u201d"},"content":{"rendered":"\n<figure class=\"wp-block-image size-large\"><img loading=\"lazy\" decoding=\"async\" width=\"1000\" height=\"707\" src=\"http:\/\/cultura.sma.gob.ar\/wp-content\/uploads\/2022\/06\/Encuentro-Internacional-de-Coros.jpg\" alt=\"\" class=\"wp-image-3450\" srcset=\"https:\/\/cultura.sma.gob.ar\/wp-content\/uploads\/2022\/06\/Encuentro-Internacional-de-Coros.jpg 1000w, https:\/\/cultura.sma.gob.ar\/wp-content\/uploads\/2022\/06\/Encuentro-Internacional-de-Coros-300x212.jpg 300w, https:\/\/cultura.sma.gob.ar\/wp-content\/uploads\/2022\/06\/Encuentro-Internacional-de-Coros-768x543.jpg 768w, https:\/\/cultura.sma.gob.ar\/wp-content\/uploads\/2022\/06\/Encuentro-Internacional-de-Coros-127x90.jpg 127w\" sizes=\"auto, (max-width: 1000px) 100vw, 1000px\" \/><\/figure>\n\n\n\n<p>El pr\u00f3ximo domingo, 19 de junio, a las 19:30hs en la Sala Amankay del Centro Cultural Cotesma, compartiremos el Concierto de cierre del \u201cENCUENTRO INTERNACIONAL DE COROS LIT\u00daRGICOS Y ENSAMBLES MUSICALES\u201d.<br>Dicho Concierto, contar\u00e1 con la participaci\u00f3n de coros locales, nacionales (Tucum\u00e1n, San Juan, Mendoza, Buenos Aires) e internacionales (Espa\u00f1a y el Congo). La misma ser\u00e1 en forma presencial y virtual.<\/p>\n\n\n\n<p>Algunos de los coros que participar\u00e1n del concierto son:<\/p>\n\n\n\n<ul class=\"wp-block-list\"><li>Coro Disonantes perteneciente al Conservatorio de Banfield, \u201cJuli\u00e1n Aguirre\u201d;<\/li><li>Coro Universidad de Cuyo. (Mendoza);<\/li><li>Coro Inaum;<\/li><li>Coro Sagrada Familia (SMA);<\/li><li>Coro Fasta (Tucum\u00e1n).<\/li><\/ul>\n\n\n\n<p>El Concierto contar\u00e1, adem\u00e1s, con la participaci\u00f3n del Grupo de Danza Folkl\u00f3rico &#8220;Luna Sure\u00f1a&#8221;.<\/p>\n\n\n\n<p>Cabe aclarar que el Encuentro fue Declarado de Inter\u00e9s Municipal, por el Concejo Deliberante de nuestra ciudad el jueves 02 de junio.<br><br>Entrada General $600. En venta en la boleteria del Centro Cultural.<\/p>\n","protected":false},"excerpt":{"rendered":"<p>El pr\u00f3ximo domingo, 19 de junio, a las 19:30hs en la Sala Amankay del Centro Cultural Cotesma, compartiremos el Concierto de cierre del \u201cENCUENTRO INTERNACIONAL DE COROS LIT\u00daRGICOS Y ENSAMBLES MUSICALES\u201d.Dicho Concierto, contar\u00e1 con la participaci\u00f3n de coros locales, nacionales (Tucum\u00e1n, San Juan, Mendoza, Buenos Aires) e internacionales (Espa\u00f1a y el Congo). La misma ser\u00e1 en forma presencial y virtual. Algunos de los coros que &hellip; <a href=\"https:\/\/cultura.sma.gob.ar\/?p=3449\" class=\"more-link\">Continue reading <span class=\"screen-reader-text\">Concierto de Cierre del \u201cEncuentro Internacional de coros lit\u00fargicos y ensambles musicales\u201d<\/span><\/a><\/p>\n","protected":false},"author":1,"featured_media":297,"comment_status":"closed","ping_status":"","sticky":false,"template":"","format":"image","meta":{"footnotes":""},"categories":[2,9],"tags":[],"class_list":["post-3449","post","type-post","status-publish","format-image","has-post-thumbnail","hentry","category-ciudad-cultural","category-ultimas-noticias","post_format-post-format-image"],"_links":{"self":[{"href":"https:\/\/cultura.sma.gob.ar\/index.php?rest_route=\/wp\/v2\/posts\/3449","targetHints":{"allow":["GET"]}}],"collection":[{"href":"https:\/\/cultura.sma.gob.ar\/index.php?rest_route=\/wp\/v2\/posts"}],"about":[{"href":"https:\/\/cultura.sma.gob.ar\/index.php?rest_route=\/wp\/v2\/types\/post"}],"author":[{"embeddable":true,"href":"https:\/\/cultura.sma.gob.ar\/index.php?rest_route=\/wp\/v2\/users\/1"}],"replies":[{"embeddable":true,"href":"https:\/\/cultura.sma.gob.ar\/index.php?rest_route=%2Fwp%2Fv2%2Fcomments&post=3449"}],"version-history":[{"count":1,"href":"https:\/\/cultura.sma.gob.ar\/index.php?rest_route=\/wp\/v2\/posts\/3449\/revisions"}],"predecessor-version":[{"id":3451,"href":"https:\/\/cultura.sma.gob.ar\/index.php?rest_route=\/wp\/v2\/posts\/3449\/revisions\/3451"}],"wp:featuredmedia":[{"embeddable":true,"href":"https:\/\/cultura.sma.gob.ar\/index.php?rest_route=\/wp\/v2\/media\/297"}],"wp:attachment":[{"href":"https:\/\/cultura.sma.gob.ar\/index.php?rest_route=%2Fwp%2Fv2%2Fmedia&parent=3449"}],"wp:term":[{"taxonomy":"category","embeddable":true,"href":"https:\/\/cultura.sma.gob.ar\/index.php?rest_route=%2Fwp%2Fv2%2Fcategories&post=3449"},{"taxonomy":"post_tag","embeddable":true,"href":"https:\/\/cultura.sma.gob.ar\/index.php?rest_route=%2Fwp%2Fv2%2Ftags&post=3449"}],"curies":[{"name":"wp","href":"https:\/\/api.w.org\/{rel}","templated":true}]}}