{"id":3446,"date":"2022-06-04T19:42:31","date_gmt":"2022-06-04T22:42:31","guid":{"rendered":"http:\/\/cultura.sma.gob.ar\/?p=3446"},"modified":"2022-06-04T19:42:31","modified_gmt":"2022-06-04T22:42:31","slug":"muestra-de-mitad-de-ano-de-la-escuela-de-danza-attitude","status":"publish","type":"post","link":"https:\/\/cultura.sma.gob.ar\/?p=3446","title":{"rendered":"Muestra de mitad de a\u00f1o de la Escuela de Danza Attitude"},"content":{"rendered":"\n<figure class=\"wp-block-image size-large\"><img loading=\"lazy\" decoding=\"async\" width=\"724\" height=\"1024\" src=\"http:\/\/cultura.sma.gob.ar\/wp-content\/uploads\/2022\/06\/Showdance-02-de-Julio-Attitude-724x1024.png\" alt=\"\" class=\"wp-image-3447\" srcset=\"https:\/\/cultura.sma.gob.ar\/wp-content\/uploads\/2022\/06\/Showdance-02-de-Julio-Attitude-724x1024.png 724w, https:\/\/cultura.sma.gob.ar\/wp-content\/uploads\/2022\/06\/Showdance-02-de-Julio-Attitude-212x300.png 212w, https:\/\/cultura.sma.gob.ar\/wp-content\/uploads\/2022\/06\/Showdance-02-de-Julio-Attitude-768x1086.png 768w, https:\/\/cultura.sma.gob.ar\/wp-content\/uploads\/2022\/06\/Showdance-02-de-Julio-Attitude-1086x1536.png 1086w, https:\/\/cultura.sma.gob.ar\/wp-content\/uploads\/2022\/06\/Showdance-02-de-Julio-Attitude-1448x2048.png 1448w, https:\/\/cultura.sma.gob.ar\/wp-content\/uploads\/2022\/06\/Showdance-02-de-Julio-Attitude-64x90.png 64w, https:\/\/cultura.sma.gob.ar\/wp-content\/uploads\/2022\/06\/Showdance-02-de-Julio-Attitude.png 1587w\" sizes=\"auto, (max-width: 724px) 100vw, 724px\" \/><\/figure>\n\n\n\n<p>El pr\u00f3ximo s\u00e1bado, 02 de julio, a las 18hs y a las 20hs, en la Sala Amankay, la Escuela de Danza \u201cAttitude\u201d realizar\u00e1 el SHOWDANCE de mitad de a\u00f1o. Es una presentaci\u00f3n donde todos los grupos de Iniciaci\u00f3n a la Danza, Jazz Fusi\u00f3n y Street Kids, Contempo, Jazz Fusi\u00f3n Junior y Street Junior compartir\u00e1n sus coreograf\u00edas. Y lo aprendido hasta el momento.<\/p>\n\n\n\n<p><strong><u>El grupo de Iniciaci\u00f3n a la Danza, se presentar\u00e1 \u00fanicamente en la funci\u00f3n de las 18hs-<\/u><\/strong><\/p>\n\n\n\n<p>Para la compra de entradas la modalidad ser\u00e1 la siguiente: Cada familia se llevar\u00e1 un vale por cuatro entradas: El grupo de Iniciaci\u00f3n a la Danza tiene prioridad de compra de entradas desde el s\u00e1bado 4 hasta el 12 de junio.<br>El resto de los grupos tendr\u00e1n tiempo desde el martes 14 de junio al domingo 26 de junio.<br>A partir del martes 28 de Junio las entradas que no se canjeen, quedar\u00e1n liberadas para la venta al p\u00fablico general, en este momento es cuando pueden adquirir alguna otra entrada si necesitan.<br><strong>VALOR DE LA ENTRADA: $800.-<\/strong><\/p>\n\n\n\n<p>El pr\u00f3ximo domingo, 03 de julio, a las 18hs y a las 20hs, en la Sala Amankay, la Escuela de Danza \u201cAttitude\u201d realizar\u00e1 la presentaci\u00f3n del SHOWDANCE de mitad de a\u00f1o, donde todos los grupos de Jazz Fusi\u00f3n Teens, Princi, intermedio y Street Teens princi, intermedio, Avanzadas, Heels y Street Adultxs compartir\u00e1n sus coreograf\u00edas.<br>Cada familia se llevar\u00e1 un vale por cuatro entradas, que tendr\u00e1n tiempo desde el s\u00e1bado 4 de junio al domingo 26 de junio.<br>A partir del martes 28 de Junio las entradas que no se canjeen, quedar\u00e1n liberadas para la venta al p\u00fablico general, en este momento es cuando pueden adquirir alguna otra entrada si necesitan.<br><strong>VALOR DE LA ENTRADA: $800.-<\/strong><\/p>\n","protected":false},"excerpt":{"rendered":"<p>El pr\u00f3ximo s\u00e1bado, 02 de julio, a las 18hs y a las 20hs, en la Sala Amankay, la Escuela de Danza \u201cAttitude\u201d realizar\u00e1 el SHOWDANCE de mitad de a\u00f1o. Es una presentaci\u00f3n donde todos los grupos de Iniciaci\u00f3n a la Danza, Jazz Fusi\u00f3n y Street Kids, Contempo, Jazz Fusi\u00f3n Junior y Street Junior compartir\u00e1n sus coreograf\u00edas. Y lo aprendido hasta el momento. El grupo de &hellip; <a href=\"https:\/\/cultura.sma.gob.ar\/?p=3446\" class=\"more-link\">Continue reading <span class=\"screen-reader-text\">Muestra de mitad de a\u00f1o de la Escuela de Danza Attitude<\/span><\/a><\/p>\n","protected":false},"author":1,"featured_media":297,"comment_status":"closed","ping_status":"","sticky":false,"template":"","format":"image","meta":{"footnotes":""},"categories":[2,9],"tags":[],"class_list":["post-3446","post","type-post","status-publish","format-image","has-post-thumbnail","hentry","category-ciudad-cultural","category-ultimas-noticias","post_format-post-format-image"],"_links":{"self":[{"href":"https:\/\/cultura.sma.gob.ar\/index.php?rest_route=\/wp\/v2\/posts\/3446","targetHints":{"allow":["GET"]}}],"collection":[{"href":"https:\/\/cultura.sma.gob.ar\/index.php?rest_route=\/wp\/v2\/posts"}],"about":[{"href":"https:\/\/cultura.sma.gob.ar\/index.php?rest_route=\/wp\/v2\/types\/post"}],"author":[{"embeddable":true,"href":"https:\/\/cultura.sma.gob.ar\/index.php?rest_route=\/wp\/v2\/users\/1"}],"replies":[{"embeddable":true,"href":"https:\/\/cultura.sma.gob.ar\/index.php?rest_route=%2Fwp%2Fv2%2Fcomments&post=3446"}],"version-history":[{"count":1,"href":"https:\/\/cultura.sma.gob.ar\/index.php?rest_route=\/wp\/v2\/posts\/3446\/revisions"}],"predecessor-version":[{"id":3448,"href":"https:\/\/cultura.sma.gob.ar\/index.php?rest_route=\/wp\/v2\/posts\/3446\/revisions\/3448"}],"wp:featuredmedia":[{"embeddable":true,"href":"https:\/\/cultura.sma.gob.ar\/index.php?rest_route=\/wp\/v2\/media\/297"}],"wp:attachment":[{"href":"https:\/\/cultura.sma.gob.ar\/index.php?rest_route=%2Fwp%2Fv2%2Fmedia&parent=3446"}],"wp:term":[{"taxonomy":"category","embeddable":true,"href":"https:\/\/cultura.sma.gob.ar\/index.php?rest_route=%2Fwp%2Fv2%2Fcategories&post=3446"},{"taxonomy":"post_tag","embeddable":true,"href":"https:\/\/cultura.sma.gob.ar\/index.php?rest_route=%2Fwp%2Fv2%2Ftags&post=3446"}],"curies":[{"name":"wp","href":"https:\/\/api.w.org\/{rel}","templated":true}]}}