{"id":3443,"date":"2022-06-04T19:39:07","date_gmt":"2022-06-04T22:39:07","guid":{"rendered":"http:\/\/cultura.sma.gob.ar\/?p=3443"},"modified":"2022-06-04T19:39:07","modified_gmt":"2022-06-04T22:39:07","slug":"vocal-de-los-andes-presenta-misa-criolla-de-ariel-ramirez","status":"publish","type":"post","link":"https:\/\/cultura.sma.gob.ar\/?p=3443","title":{"rendered":"Vocal de los Andes presenta &#8221;Misa Criolla&#8221;, de Ariel Ram\u00edrez"},"content":{"rendered":"\n<figure class=\"wp-block-image size-large\"><img loading=\"lazy\" decoding=\"async\" width=\"1024\" height=\"1024\" src=\"http:\/\/cultura.sma.gob.ar\/wp-content\/uploads\/2022\/06\/WhatsApp-Image-2022-06-01-at-6.59.47-PM-1-1024x1024.jpeg\" alt=\"\" class=\"wp-image-3444\" srcset=\"https:\/\/cultura.sma.gob.ar\/wp-content\/uploads\/2022\/06\/WhatsApp-Image-2022-06-01-at-6.59.47-PM-1-1024x1024.jpeg 1024w, https:\/\/cultura.sma.gob.ar\/wp-content\/uploads\/2022\/06\/WhatsApp-Image-2022-06-01-at-6.59.47-PM-1-300x300.jpeg 300w, https:\/\/cultura.sma.gob.ar\/wp-content\/uploads\/2022\/06\/WhatsApp-Image-2022-06-01-at-6.59.47-PM-1-150x150.jpeg 150w, https:\/\/cultura.sma.gob.ar\/wp-content\/uploads\/2022\/06\/WhatsApp-Image-2022-06-01-at-6.59.47-PM-1-768x768.jpeg 768w, https:\/\/cultura.sma.gob.ar\/wp-content\/uploads\/2022\/06\/WhatsApp-Image-2022-06-01-at-6.59.47-PM-1-90x90.jpeg 90w, https:\/\/cultura.sma.gob.ar\/wp-content\/uploads\/2022\/06\/WhatsApp-Image-2022-06-01-at-6.59.47-PM-1.jpeg 1080w\" sizes=\"auto, (max-width: 1024px) 100vw, 1024px\" \/><\/figure>\n\n\n\n<p>Vocal de los Andes<br>San Martin de los Andes, Neuqu\u00e9n, Patagonia Argentina.<br>Presenta:<br>\u201cMisa Criolla\u201d de Ariel Ram\u00edrez para solista, coro y conjunto instrumental.<br>Direcci\u00f3n musical: Pablo D. Roberto<br>Solista (mezzo-soprano): Laura Weihm\u00fcller<br>M\u00fasicos invitados:<br>Charango: Daniel Ducos<br>Piano: Miguel Nayguz<br>Contrabajo: Christian P\u00e1ez<br>Guitarra: Omar Trovato<br><\/p>\n\n\n\n<p>Sobre el Vocal de los Andes:<br>Desde el a\u00f1o 2013 el coro vocacional autogestionado \u201cVocal de los andes\u201d<br>trabaja en la interpretaci\u00f3n de m\u00fasica de ra\u00edz folcl\u00f3rica argentina.<br>Se han presentado numerosos encuentros corales como \u201cEncuentro Coral<br>Cordillerano\u201d, Encuentro \u201cCoral a los Andes\u201d, conmemoraci\u00f3n de la \u201cBeatificaci\u00f3n<br>de Laura Vicu\u00f1a\u201d de Jun\u00edn de los Andes, ciclo coral<br>\u201cCuando Canta el R\u00edo\u201d de Alumin\u00e9, Concierto de coros \u201cM\u00fasica Viva\u201d y evento \u201c<br>Patagonia Canta\u201d en la catedral de Bariloche, compartiendo escenario con coros y<br>agrupaciones vocales de todo el pa\u00eds.<br>En el a\u00f1o 2019 comenzaron una gira por la Patagonia argentina y chilena<br>presentando la Misa Criolla en la Catedral de Villarrica (Chile), La iglesia Nuestra<br>Se\u00f1ora de las Nieves (Jun\u00edn de los Andes) y la Iglesia San Jos\u00e9 (San Martin de los<br>Andes).<br>Ver video: https:\/\/www.youtube.com\/watch?v=lMFmDbn5dhQ<br>Pablo D. Roberto (Director)<br>Es profesor en &#8220;Direcci\u00f3n Coral &#8221; graduado en el Conservatorio de M\u00fasica &#8221; Juli\u00e1n<br>Aguirre&#8221; de Buenos Aires, donde tambi\u00e9n estudi\u00f3 guitarra y composici\u00f3n.<br>Como compositor y arreglador de m\u00fasica coral ha recibido numerosos premios<br>en concursos nacionales e internacionales, incluyendo el primer premio en el &#8220;<br>Concurso Nacional de Composici\u00f3n y Arreglos Ariel Ram\u00edrez&#8221; por su obra &#8220;Con<br>el pueblo y su canci\u00f3n&#8221; y el primer premio en el &#8220;II Concurso Internacional de<br>Composici\u00f3n Coral&#8221; organizado por la Federaci\u00f3n de Coros de Navarra (Espa\u00f1a)<br>porsu obra \u201cRomanxe de Nosa Se\u00f1ora da Barca\u201d para coro mixto a cappella.<br>Fue becario del Fondo Nacional de las Artes en dos oportunidades: Becas para la<br>formaci\u00f3n art\u00edstica 2017 y Becas de creaci\u00f3n 2019.<br>Sus obras son interpretadas por diversos coros argentinos y editadas por GCC<br>Ediciones Corales (Buenos Aires, Argentina) y Goldberg Verlag (Frankfurt, Alemania).<br>Como docente tiene a su cargo las c\u00e1tedras de An\u00e1lisis Musical, Arreglos Vocales y<br>Coro en la Escuela Superior de M\u00fasica de San Mart\u00edn de los Andes, Neuqu\u00e9n.<br>+info: www.pablodroberto.com.ar<br>Proyecto:<br>La idea del proyecto actual es la presentaci\u00f3n de la Misa Criolla en la Parroquia \u201c<br>Nuestra Se\u00f1ora de los Lagos\u201d de la ciudad de Villa la Angostura realizando un<br>concierto gratuito para la comunidad.<br>Luego se presentara en San Mart\u00edn de los Andes a beneficio del<br>sector de Cuidados Paliativos del Hospital &#8220;Ram\u00f3n Carrillo&#8221;.<br>De esta manera podremos motivarnos nuevamente para comenzar un nuevo a\u00f1o<br>coral presencial, seguir mostrando nuestro trabajo en comunidades vecinas y adem\u00e1s<br>motivar y valorar el trabajo de los coros de la zona.<br>El Vocal de los Andes fue seleccionado a nivel nacional por El Consejo Nacional Coral<br>del INAMU (Instituto Nacional de la M\u00fasica) para recibir un subsidio de $50000 Este<br>subsidio se utilizar\u00e1 para solventar gastos de traslado y pagar honorarios a los<br>m\u00fasicos\/as acompa\u00f1antes.<br>Contacto:<br>pablodroberto@gmail.com<br>IG: @vocaldelosandes<br>En el a\u00f1o 2005 comienza su carreraa como director y arreglador de coros y<br>grupos vocales.<br>Desde el a\u00f1o 2012 reside en la localidad de San Mart\u00edn de los Andes donde es<br>director y arreglador del coro Vocal de los Andes.<br>www.youtube.com\/vocaldelosandes<\/p>\n","protected":false},"excerpt":{"rendered":"<p>Vocal de los AndesSan Martin de los Andes, Neuqu\u00e9n, Patagonia Argentina.Presenta:\u201cMisa Criolla\u201d de Ariel Ram\u00edrez para solista, coro y conjunto instrumental.Direcci\u00f3n musical: Pablo D. RobertoSolista (mezzo-soprano): Laura Weihm\u00fcllerM\u00fasicos invitados:Charango: Daniel DucosPiano: Miguel NayguzContrabajo: Christian P\u00e1ezGuitarra: Omar Trovato Sobre el Vocal de los Andes:Desde el a\u00f1o 2013 el coro vocacional autogestionado \u201cVocal de los andes\u201dtrabaja en la interpretaci\u00f3n de m\u00fasica de ra\u00edz folcl\u00f3rica argentina.Se han presentado &hellip; <a href=\"https:\/\/cultura.sma.gob.ar\/?p=3443\" class=\"more-link\">Continue reading <span class=\"screen-reader-text\">Vocal de los Andes presenta &#8221;Misa Criolla&#8221;, de Ariel Ram\u00edrez<\/span><\/a><\/p>\n","protected":false},"author":1,"featured_media":297,"comment_status":"closed","ping_status":"","sticky":false,"template":"","format":"image","meta":{"footnotes":""},"categories":[2,9],"tags":[],"class_list":["post-3443","post","type-post","status-publish","format-image","has-post-thumbnail","hentry","category-ciudad-cultural","category-ultimas-noticias","post_format-post-format-image"],"_links":{"self":[{"href":"https:\/\/cultura.sma.gob.ar\/index.php?rest_route=\/wp\/v2\/posts\/3443","targetHints":{"allow":["GET"]}}],"collection":[{"href":"https:\/\/cultura.sma.gob.ar\/index.php?rest_route=\/wp\/v2\/posts"}],"about":[{"href":"https:\/\/cultura.sma.gob.ar\/index.php?rest_route=\/wp\/v2\/types\/post"}],"author":[{"embeddable":true,"href":"https:\/\/cultura.sma.gob.ar\/index.php?rest_route=\/wp\/v2\/users\/1"}],"replies":[{"embeddable":true,"href":"https:\/\/cultura.sma.gob.ar\/index.php?rest_route=%2Fwp%2Fv2%2Fcomments&post=3443"}],"version-history":[{"count":1,"href":"https:\/\/cultura.sma.gob.ar\/index.php?rest_route=\/wp\/v2\/posts\/3443\/revisions"}],"predecessor-version":[{"id":3445,"href":"https:\/\/cultura.sma.gob.ar\/index.php?rest_route=\/wp\/v2\/posts\/3443\/revisions\/3445"}],"wp:featuredmedia":[{"embeddable":true,"href":"https:\/\/cultura.sma.gob.ar\/index.php?rest_route=\/wp\/v2\/media\/297"}],"wp:attachment":[{"href":"https:\/\/cultura.sma.gob.ar\/index.php?rest_route=%2Fwp%2Fv2%2Fmedia&parent=3443"}],"wp:term":[{"taxonomy":"category","embeddable":true,"href":"https:\/\/cultura.sma.gob.ar\/index.php?rest_route=%2Fwp%2Fv2%2Fcategories&post=3443"},{"taxonomy":"post_tag","embeddable":true,"href":"https:\/\/cultura.sma.gob.ar\/index.php?rest_route=%2Fwp%2Fv2%2Ftags&post=3443"}],"curies":[{"name":"wp","href":"https:\/\/api.w.org\/{rel}","templated":true}]}}