{"id":3440,"date":"2022-06-04T19:36:08","date_gmt":"2022-06-04T22:36:08","guid":{"rendered":"http:\/\/cultura.sma.gob.ar\/?p=3440"},"modified":"2022-06-04T19:36:08","modified_gmt":"2022-06-04T22:36:08","slug":"muestra-de-mitad-de-ano-de-dance-factory-df-show","status":"publish","type":"post","link":"https:\/\/cultura.sma.gob.ar\/?p=3440","title":{"rendered":"Muestra de mitad de a\u00f1o de Dance Factory: &#8221;DF Show&#8221;"},"content":{"rendered":"\n<figure class=\"wp-block-image size-large\"><img loading=\"lazy\" decoding=\"async\" width=\"1024\" height=\"1024\" src=\"http:\/\/cultura.sma.gob.ar\/wp-content\/uploads\/2022\/06\/Flyer-Dance-Factory-1024x1024.jpg\" alt=\"\" class=\"wp-image-3441\" srcset=\"https:\/\/cultura.sma.gob.ar\/wp-content\/uploads\/2022\/06\/Flyer-Dance-Factory-1024x1024.jpg 1024w, https:\/\/cultura.sma.gob.ar\/wp-content\/uploads\/2022\/06\/Flyer-Dance-Factory-300x300.jpg 300w, https:\/\/cultura.sma.gob.ar\/wp-content\/uploads\/2022\/06\/Flyer-Dance-Factory-150x150.jpg 150w, https:\/\/cultura.sma.gob.ar\/wp-content\/uploads\/2022\/06\/Flyer-Dance-Factory-768x768.jpg 768w, https:\/\/cultura.sma.gob.ar\/wp-content\/uploads\/2022\/06\/Flyer-Dance-Factory-1536x1536.jpg 1536w, https:\/\/cultura.sma.gob.ar\/wp-content\/uploads\/2022\/06\/Flyer-Dance-Factory-90x90.jpg 90w, https:\/\/cultura.sma.gob.ar\/wp-content\/uploads\/2022\/06\/Flyer-Dance-Factory.jpg 1600w\" sizes=\"auto, (max-width: 1024px) 100vw, 1024px\" \/><\/figure>\n\n\n\n<p>El pr\u00f3ximo s\u00e1bado, 25 de junio, a las 18:30hs y a las 20:30hs, en la Sala Amankay, Dance Factory presenta su muestra de mitad de a\u00f1o: \u201cDF SHOW\u201d, donde participan parte de los grupos que conforman este espacio de Danzas.&nbsp;<br>Imperdible oportunidad para compartir lo trabajado en esta primera mitad del a\u00f1o. &nbsp;<br><br>A partir de este jueves, 02 de junio, los padres contar\u00e1n con los vales para poder retirar de forma anticipada las entradas para familiares.<br>A partir del d\u00eda 14 de junio, entradas abiertas a todo p\u00fablico.<\/p>\n\n\n\n<p>El valor ser\u00e1 de $750.&nbsp;<\/p>\n","protected":false},"excerpt":{"rendered":"<p>El pr\u00f3ximo s\u00e1bado, 25 de junio, a las 18:30hs y a las 20:30hs, en la Sala Amankay, Dance Factory presenta su muestra de mitad de a\u00f1o: \u201cDF SHOW\u201d, donde participan parte de los grupos que conforman este espacio de Danzas.&nbsp;Imperdible oportunidad para compartir lo trabajado en esta primera mitad del a\u00f1o. &nbsp; A partir de este jueves, 02 de junio, los padres contar\u00e1n con los &hellip; <a href=\"https:\/\/cultura.sma.gob.ar\/?p=3440\" class=\"more-link\">Continue reading <span class=\"screen-reader-text\">Muestra de mitad de a\u00f1o de Dance Factory: &#8221;DF Show&#8221;<\/span><\/a><\/p>\n","protected":false},"author":1,"featured_media":297,"comment_status":"closed","ping_status":"","sticky":false,"template":"","format":"image","meta":{"footnotes":""},"categories":[2,9],"tags":[],"class_list":["post-3440","post","type-post","status-publish","format-image","has-post-thumbnail","hentry","category-ciudad-cultural","category-ultimas-noticias","post_format-post-format-image"],"_links":{"self":[{"href":"https:\/\/cultura.sma.gob.ar\/index.php?rest_route=\/wp\/v2\/posts\/3440","targetHints":{"allow":["GET"]}}],"collection":[{"href":"https:\/\/cultura.sma.gob.ar\/index.php?rest_route=\/wp\/v2\/posts"}],"about":[{"href":"https:\/\/cultura.sma.gob.ar\/index.php?rest_route=\/wp\/v2\/types\/post"}],"author":[{"embeddable":true,"href":"https:\/\/cultura.sma.gob.ar\/index.php?rest_route=\/wp\/v2\/users\/1"}],"replies":[{"embeddable":true,"href":"https:\/\/cultura.sma.gob.ar\/index.php?rest_route=%2Fwp%2Fv2%2Fcomments&post=3440"}],"version-history":[{"count":1,"href":"https:\/\/cultura.sma.gob.ar\/index.php?rest_route=\/wp\/v2\/posts\/3440\/revisions"}],"predecessor-version":[{"id":3442,"href":"https:\/\/cultura.sma.gob.ar\/index.php?rest_route=\/wp\/v2\/posts\/3440\/revisions\/3442"}],"wp:featuredmedia":[{"embeddable":true,"href":"https:\/\/cultura.sma.gob.ar\/index.php?rest_route=\/wp\/v2\/media\/297"}],"wp:attachment":[{"href":"https:\/\/cultura.sma.gob.ar\/index.php?rest_route=%2Fwp%2Fv2%2Fmedia&parent=3440"}],"wp:term":[{"taxonomy":"category","embeddable":true,"href":"https:\/\/cultura.sma.gob.ar\/index.php?rest_route=%2Fwp%2Fv2%2Fcategories&post=3440"},{"taxonomy":"post_tag","embeddable":true,"href":"https:\/\/cultura.sma.gob.ar\/index.php?rest_route=%2Fwp%2Fv2%2Ftags&post=3440"}],"curies":[{"name":"wp","href":"https:\/\/api.w.org\/{rel}","templated":true}]}}