{"id":3423,"date":"2022-06-04T18:28:01","date_gmt":"2022-06-04T21:28:01","guid":{"rendered":"http:\/\/cultura.sma.gob.ar\/?p=3423"},"modified":"2022-06-07T16:59:40","modified_gmt":"2022-06-07T19:59:40","slug":"taller-de-croquiseros-urbanos","status":"publish","type":"post","link":"https:\/\/cultura.sma.gob.ar\/?p=3423","title":{"rendered":"Taller de Croquiseros Urbanos"},"content":{"rendered":"\n<figure class=\"wp-block-gallery columns-1 is-cropped wp-block-gallery-1 is-layout-flex wp-block-gallery-is-layout-flex\"><ul class=\"blocks-gallery-grid\"><li class=\"blocks-gallery-item\"><figure><img loading=\"lazy\" decoding=\"async\" width=\"1024\" height=\"1024\" src=\"http:\/\/cultura.sma.gob.ar\/wp-content\/uploads\/2022\/06\/Flayer-croquiseros-1024x1024.jpg\" alt=\"\" data-id=\"3465\" data-full-url=\"http:\/\/cultura.sma.gob.ar\/wp-content\/uploads\/2022\/06\/Flayer-croquiseros.jpg\" data-link=\"http:\/\/cultura.sma.gob.ar\/2022\/06\/04\/taller-de-croquiseros-urbanos\/flayer-croquiseros\/\" class=\"wp-image-3465\" srcset=\"https:\/\/cultura.sma.gob.ar\/wp-content\/uploads\/2022\/06\/Flayer-croquiseros-1024x1024.jpg 1024w, https:\/\/cultura.sma.gob.ar\/wp-content\/uploads\/2022\/06\/Flayer-croquiseros-300x300.jpg 300w, https:\/\/cultura.sma.gob.ar\/wp-content\/uploads\/2022\/06\/Flayer-croquiseros-150x150.jpg 150w, https:\/\/cultura.sma.gob.ar\/wp-content\/uploads\/2022\/06\/Flayer-croquiseros-768x768.jpg 768w, https:\/\/cultura.sma.gob.ar\/wp-content\/uploads\/2022\/06\/Flayer-croquiseros-90x90.jpg 90w, https:\/\/cultura.sma.gob.ar\/wp-content\/uploads\/2022\/06\/Flayer-croquiseros.jpg 1280w\" sizes=\"auto, (max-width: 1024px) 100vw, 1024px\" \/><\/figure><\/li><\/ul><\/figure>\n\n\n\n<ul class=\"wp-block-list\"><li>S\u00e1bados de 15 a 17 hs.<\/li><\/ul>\n\n\n\n<p>Est\u00e1 destinado a j\u00f3venes, adultos y adultas, tanto para quienes se est\u00e1n iniciando en el dibujo, como para personas que ya cuentan con experiencia. <\/p>\n\n\n\n<p>El taller es gratuito y est\u00e1 coordinado por Federico Peralta.<\/p>\n\n\n\n<p>Para inscribirse en el taller, enviar un mail a talleres.cultura@smandes.gov.ar (Especificando nombre completo, edad, DNI y tel\u00e9fono de contacto). Tambi\u00e9n en el lugar, en d\u00eda de comienzo de la actividad o llamando al 424 804.<\/p>\n","protected":false},"excerpt":{"rendered":"<p>S\u00e1bados de 15 a 17 hs. Est\u00e1 destinado a j\u00f3venes, adultos y adultas, tanto para quienes se est\u00e1n iniciando en el dibujo, como para personas que ya cuentan con experiencia. El taller es gratuito y est\u00e1 coordinado por Federico Peralta. Para inscribirse en el taller, enviar un mail a talleres.cultura@smandes.gov.ar (Especificando nombre completo, edad, DNI y tel\u00e9fono de contacto). Tambi\u00e9n en el lugar, en d\u00eda &hellip; <a href=\"https:\/\/cultura.sma.gob.ar\/?p=3423\" class=\"more-link\">Continue reading <span class=\"screen-reader-text\">Taller de Croquiseros Urbanos<\/span><\/a><\/p>\n","protected":false},"author":1,"featured_media":293,"comment_status":"closed","ping_status":"","sticky":false,"template":"","format":"image","meta":{"footnotes":""},"categories":[6,7,9],"tags":[],"class_list":["post-3423","post","type-post","status-publish","format-image","has-post-thumbnail","hentry","category-sala-lidaura-chapitel","category-talleres-cultura","category-ultimas-noticias","post_format-post-format-image"],"_links":{"self":[{"href":"https:\/\/cultura.sma.gob.ar\/index.php?rest_route=\/wp\/v2\/posts\/3423","targetHints":{"allow":["GET"]}}],"collection":[{"href":"https:\/\/cultura.sma.gob.ar\/index.php?rest_route=\/wp\/v2\/posts"}],"about":[{"href":"https:\/\/cultura.sma.gob.ar\/index.php?rest_route=\/wp\/v2\/types\/post"}],"author":[{"embeddable":true,"href":"https:\/\/cultura.sma.gob.ar\/index.php?rest_route=\/wp\/v2\/users\/1"}],"replies":[{"embeddable":true,"href":"https:\/\/cultura.sma.gob.ar\/index.php?rest_route=%2Fwp%2Fv2%2Fcomments&post=3423"}],"version-history":[{"count":3,"href":"https:\/\/cultura.sma.gob.ar\/index.php?rest_route=\/wp\/v2\/posts\/3423\/revisions"}],"predecessor-version":[{"id":3468,"href":"https:\/\/cultura.sma.gob.ar\/index.php?rest_route=\/wp\/v2\/posts\/3423\/revisions\/3468"}],"wp:featuredmedia":[{"embeddable":true,"href":"https:\/\/cultura.sma.gob.ar\/index.php?rest_route=\/wp\/v2\/media\/293"}],"wp:attachment":[{"href":"https:\/\/cultura.sma.gob.ar\/index.php?rest_route=%2Fwp%2Fv2%2Fmedia&parent=3423"}],"wp:term":[{"taxonomy":"category","embeddable":true,"href":"https:\/\/cultura.sma.gob.ar\/index.php?rest_route=%2Fwp%2Fv2%2Fcategories&post=3423"},{"taxonomy":"post_tag","embeddable":true,"href":"https:\/\/cultura.sma.gob.ar\/index.php?rest_route=%2Fwp%2Fv2%2Ftags&post=3423"}],"curies":[{"name":"wp","href":"https:\/\/api.w.org\/{rel}","templated":true}]}}