{"id":3421,"date":"2022-06-04T18:25:59","date_gmt":"2022-06-04T21:25:59","guid":{"rendered":"http:\/\/cultura.sma.gob.ar\/?p=3421"},"modified":"2022-06-11T12:19:52","modified_gmt":"2022-06-11T15:19:52","slug":"taller-coro-municipal-de-adultos-mayores","status":"publish","type":"post","link":"https:\/\/cultura.sma.gob.ar\/?p=3421","title":{"rendered":"Taller Coro Municipal de Adultos Mayores"},"content":{"rendered":"\n<figure class=\"wp-block-image size-large\"><img decoding=\"async\" src=\"https:\/\/i1.wp.com\/cultura.sma.gob.ar\/wp-content\/uploads\/2022\/03\/WhatsApp-Image-2022-03-10-at-21.59.42.jpeg?resize=768%2C768\" alt=\"\"\/><\/figure>\n\n\n\n<ul class=\"wp-block-list\"><li>Martes y jueves de 15 a 17 hs<\/li><li>En Espacio Trama (Gral. Roca 310)<\/li><li>Para todas las edades a partir de los 8 a\u00f1os<\/li><\/ul>\n\n\n\n<p>La actividad tiene como objetivo conformar un coro, generando un espacio de encuentro, creaci\u00f3n y desarrollo art\u00edstico.<\/p>\n\n\n\n<p>Inscripciones y consultas por WhatsApp al 2944212937 o por mail a talleres.cultura@smandes.gov.ar (especificando nombre, apellido, edad y tel\u00e9fono de contacto)<\/p>\n","protected":false},"excerpt":{"rendered":"<p>Martes y jueves de 15 a 17 hs En Espacio Trama (Gral. Roca 310) Para todas las edades a partir de los 8 a\u00f1os La actividad tiene como objetivo conformar un coro, generando un espacio de encuentro, creaci\u00f3n y desarrollo art\u00edstico. Inscripciones y consultas por WhatsApp al 2944212937 o por mail a talleres.cultura@smandes.gov.ar (especificando nombre, apellido, edad y tel\u00e9fono de contacto) <a href=\"https:\/\/cultura.sma.gob.ar\/?p=3421\" class=\"more-link\">Continue reading <span class=\"screen-reader-text\">Taller Coro Municipal de Adultos Mayores<\/span><\/a><\/p>\n","protected":false},"author":1,"featured_media":293,"comment_status":"closed","ping_status":"","sticky":false,"template":"","format":"image","meta":{"footnotes":""},"categories":[7,9],"tags":[],"class_list":["post-3421","post","type-post","status-publish","format-image","has-post-thumbnail","hentry","category-talleres-cultura","category-ultimas-noticias","post_format-post-format-image"],"_links":{"self":[{"href":"https:\/\/cultura.sma.gob.ar\/index.php?rest_route=\/wp\/v2\/posts\/3421","targetHints":{"allow":["GET"]}}],"collection":[{"href":"https:\/\/cultura.sma.gob.ar\/index.php?rest_route=\/wp\/v2\/posts"}],"about":[{"href":"https:\/\/cultura.sma.gob.ar\/index.php?rest_route=\/wp\/v2\/types\/post"}],"author":[{"embeddable":true,"href":"https:\/\/cultura.sma.gob.ar\/index.php?rest_route=\/wp\/v2\/users\/1"}],"replies":[{"embeddable":true,"href":"https:\/\/cultura.sma.gob.ar\/index.php?rest_route=%2Fwp%2Fv2%2Fcomments&post=3421"}],"version-history":[{"count":3,"href":"https:\/\/cultura.sma.gob.ar\/index.php?rest_route=\/wp\/v2\/posts\/3421\/revisions"}],"predecessor-version":[{"id":3478,"href":"https:\/\/cultura.sma.gob.ar\/index.php?rest_route=\/wp\/v2\/posts\/3421\/revisions\/3478"}],"wp:featuredmedia":[{"embeddable":true,"href":"https:\/\/cultura.sma.gob.ar\/index.php?rest_route=\/wp\/v2\/media\/293"}],"wp:attachment":[{"href":"https:\/\/cultura.sma.gob.ar\/index.php?rest_route=%2Fwp%2Fv2%2Fmedia&parent=3421"}],"wp:term":[{"taxonomy":"category","embeddable":true,"href":"https:\/\/cultura.sma.gob.ar\/index.php?rest_route=%2Fwp%2Fv2%2Fcategories&post=3421"},{"taxonomy":"post_tag","embeddable":true,"href":"https:\/\/cultura.sma.gob.ar\/index.php?rest_route=%2Fwp%2Fv2%2Ftags&post=3421"}],"curies":[{"name":"wp","href":"https:\/\/api.w.org\/{rel}","templated":true}]}}