{"id":3407,"date":"2022-06-04T18:16:39","date_gmt":"2022-06-04T21:16:39","guid":{"rendered":"http:\/\/cultura.sma.gob.ar\/?p=3407"},"modified":"2022-08-24T20:44:49","modified_gmt":"2022-08-24T23:44:49","slug":"estaciones-culturales-2022","status":"publish","type":"post","link":"https:\/\/cultura.sma.gob.ar\/?p=3407","title":{"rendered":"ESTACIONES CULTURALES 2022"},"content":{"rendered":"\n<figure class=\"wp-block-image size-large\"><img loading=\"lazy\" decoding=\"async\" width=\"1024\" height=\"1024\" src=\"http:\/\/cultura.sma.gob.ar\/wp-content\/uploads\/2022\/06\/EC-1024x1024.jpg\" alt=\"\" class=\"wp-image-3408\" srcset=\"https:\/\/cultura.sma.gob.ar\/wp-content\/uploads\/2022\/06\/EC-1024x1024.jpg 1024w, https:\/\/cultura.sma.gob.ar\/wp-content\/uploads\/2022\/06\/EC-300x300.jpg 300w, https:\/\/cultura.sma.gob.ar\/wp-content\/uploads\/2022\/06\/EC-150x150.jpg 150w, https:\/\/cultura.sma.gob.ar\/wp-content\/uploads\/2022\/06\/EC-768x768.jpg 768w, https:\/\/cultura.sma.gob.ar\/wp-content\/uploads\/2022\/06\/EC-90x90.jpg 90w, https:\/\/cultura.sma.gob.ar\/wp-content\/uploads\/2022\/06\/EC.jpg 1299w\" sizes=\"auto, (max-width: 1024px) 100vw, 1024px\" \/><\/figure>\n\n\n\n<p><strong>TALLERES CULTURALES Y RECREATIVOS GRATUITOS PARA TODAS LAS EDADES<\/strong><\/p>\n\n\n\n<p>Cinco Estaciones Culturales en distintos barrios, con m\u00e1s de 30 talleres culturales gratuitos.<\/p>\n\n\n\n<p>Para inscripciones y consultas pod\u00e9s mandarnos un WhatsApp al 2944212937 o escribirnos por mail a talleres.cultura@smandes.gov.ar<\/p>\n\n\n\n<figure class=\"wp-block-image size-large\"><img loading=\"lazy\" decoding=\"async\" width=\"1024\" height=\"1024\" src=\"http:\/\/cultura.sma.gob.ar\/wp-content\/uploads\/2022\/06\/EC-wt-4-1024x1024.png\" alt=\"\" class=\"wp-image-3409\" srcset=\"https:\/\/cultura.sma.gob.ar\/wp-content\/uploads\/2022\/06\/EC-wt-4-1024x1024.png 1024w, https:\/\/cultura.sma.gob.ar\/wp-content\/uploads\/2022\/06\/EC-wt-4-300x300.png 300w, https:\/\/cultura.sma.gob.ar\/wp-content\/uploads\/2022\/06\/EC-wt-4-150x150.png 150w, https:\/\/cultura.sma.gob.ar\/wp-content\/uploads\/2022\/06\/EC-wt-4-768x768.png 768w, https:\/\/cultura.sma.gob.ar\/wp-content\/uploads\/2022\/06\/EC-wt-4-90x90.png 90w, https:\/\/cultura.sma.gob.ar\/wp-content\/uploads\/2022\/06\/EC-wt-4.png 1080w\" sizes=\"auto, (max-width: 1024px) 100vw, 1024px\" \/><\/figure>\n\n\n\n<p><strong><u>Grilla de actividades<\/u><\/strong><strong>:<\/strong><\/p>\n\n\n\n<p>Para saber m\u00e1s de cada taller, clickea en el nombre de cada Estaci\u00f3n Cultural<\/p>\n\n\n\n<p><a href=\"http:\/\/cultura.sma.gob.ar\/2022\/06\/04\/estacion-cultural-cantera\/\" data-type=\"post\" data-id=\"3387\">Estaci\u00f3n Cultural Cantera<\/a><\/p>\n\n\n\n<p>En la Junta Vecinal del Cantera, subiendo la escalera de la Virgen de las Nieves<\/p>\n\n\n\n<figure class=\"wp-block-image size-large\"><img loading=\"lazy\" decoding=\"async\" width=\"1024\" height=\"1024\" src=\"http:\/\/cultura.sma.gob.ar\/wp-content\/uploads\/2022\/08\/GRILLA-CANTERA-1024x1024.jpeg\" alt=\"\" class=\"wp-image-3820\" srcset=\"https:\/\/cultura.sma.gob.ar\/wp-content\/uploads\/2022\/08\/GRILLA-CANTERA-1024x1024.jpeg 1024w, https:\/\/cultura.sma.gob.ar\/wp-content\/uploads\/2022\/08\/GRILLA-CANTERA-300x300.jpeg 300w, https:\/\/cultura.sma.gob.ar\/wp-content\/uploads\/2022\/08\/GRILLA-CANTERA-150x150.jpeg 150w, https:\/\/cultura.sma.gob.ar\/wp-content\/uploads\/2022\/08\/GRILLA-CANTERA-768x768.jpeg 768w, https:\/\/cultura.sma.gob.ar\/wp-content\/uploads\/2022\/08\/GRILLA-CANTERA-90x90.jpeg 90w, https:\/\/cultura.sma.gob.ar\/wp-content\/uploads\/2022\/08\/GRILLA-CANTERA.jpeg 1080w\" sizes=\"auto, (max-width: 1024px) 100vw, 1024px\" \/><\/figure>\n\n\n\n<p><strong><a href=\"http:\/\/cultura.sma.gob.ar\/2022\/06\/04\/estacion-cultural-arenal\/\" data-type=\"post\" data-id=\"3391\">Estaci\u00f3n Cultural del Arenal <\/a><\/strong><\/p>\n\n\n\n<p>En la Delegaci\u00f3n Municipal del Arenal, calle Los Saucos al 100<\/p>\n\n\n\n<figure class=\"wp-block-image size-large\"><img loading=\"lazy\" decoding=\"async\" width=\"1024\" height=\"1024\" src=\"http:\/\/cultura.sma.gob.ar\/wp-content\/uploads\/2022\/08\/GRILLA-ARENAL-1024x1024.jpeg\" alt=\"\" class=\"wp-image-3821\" srcset=\"https:\/\/cultura.sma.gob.ar\/wp-content\/uploads\/2022\/08\/GRILLA-ARENAL-1024x1024.jpeg 1024w, https:\/\/cultura.sma.gob.ar\/wp-content\/uploads\/2022\/08\/GRILLA-ARENAL-300x300.jpeg 300w, https:\/\/cultura.sma.gob.ar\/wp-content\/uploads\/2022\/08\/GRILLA-ARENAL-150x150.jpeg 150w, https:\/\/cultura.sma.gob.ar\/wp-content\/uploads\/2022\/08\/GRILLA-ARENAL-768x768.jpeg 768w, https:\/\/cultura.sma.gob.ar\/wp-content\/uploads\/2022\/08\/GRILLA-ARENAL-90x90.jpeg 90w, https:\/\/cultura.sma.gob.ar\/wp-content\/uploads\/2022\/08\/GRILLA-ARENAL.jpeg 1080w\" sizes=\"auto, (max-width: 1024px) 100vw, 1024px\" \/><\/figure>\n\n\n\n<p><strong><a href=\"http:\/\/cultura.sma.gob.ar\/2022\/06\/04\/estacion-cultural-villa-paur-2\/\" data-type=\"post\" data-id=\"3395\">Estaci\u00f3n Cultural Villa Paur<\/a><\/strong><\/p>\n\n\n\n<p>En la Junta Vecinal de Villa Paur, calle Paim\u00fan 96<\/p>\n\n\n\n<figure class=\"wp-block-image size-large\"><img loading=\"lazy\" decoding=\"async\" width=\"1024\" height=\"1024\" src=\"http:\/\/cultura.sma.gob.ar\/wp-content\/uploads\/2022\/08\/GRILLA-VILLA-PAUR-1024x1024.png\" alt=\"\" class=\"wp-image-3822\" srcset=\"https:\/\/cultura.sma.gob.ar\/wp-content\/uploads\/2022\/08\/GRILLA-VILLA-PAUR-1024x1024.png 1024w, https:\/\/cultura.sma.gob.ar\/wp-content\/uploads\/2022\/08\/GRILLA-VILLA-PAUR-300x300.png 300w, https:\/\/cultura.sma.gob.ar\/wp-content\/uploads\/2022\/08\/GRILLA-VILLA-PAUR-150x150.png 150w, https:\/\/cultura.sma.gob.ar\/wp-content\/uploads\/2022\/08\/GRILLA-VILLA-PAUR-768x768.png 768w, https:\/\/cultura.sma.gob.ar\/wp-content\/uploads\/2022\/08\/GRILLA-VILLA-PAUR-90x90.png 90w, https:\/\/cultura.sma.gob.ar\/wp-content\/uploads\/2022\/08\/GRILLA-VILLA-PAUR.png 1080w\" sizes=\"auto, (max-width: 1024px) 100vw, 1024px\" \/><\/figure>\n\n\n\n<p><strong><a href=\"http:\/\/cultura.sma.gob.ar\/2022\/06\/04\/estacion-cultural-vega-centro-2\/\" data-type=\"post\" data-id=\"3399\">Estaci\u00f3n Cultural Vega Centro<\/a><\/strong><\/p>\n\n\n\n<p>En la Delegaci\u00f3n Municipal de Vega Centro, calle Santa Fe 447<\/p>\n\n\n\n<figure class=\"wp-block-image size-large\"><img loading=\"lazy\" decoding=\"async\" width=\"1024\" height=\"1024\" src=\"http:\/\/cultura.sma.gob.ar\/wp-content\/uploads\/2022\/08\/GRILLA-VEGACENTRO-1024x1024.jpeg\" alt=\"\" class=\"wp-image-3823\" srcset=\"https:\/\/cultura.sma.gob.ar\/wp-content\/uploads\/2022\/08\/GRILLA-VEGACENTRO-1024x1024.jpeg 1024w, https:\/\/cultura.sma.gob.ar\/wp-content\/uploads\/2022\/08\/GRILLA-VEGACENTRO-300x300.jpeg 300w, https:\/\/cultura.sma.gob.ar\/wp-content\/uploads\/2022\/08\/GRILLA-VEGACENTRO-150x150.jpeg 150w, https:\/\/cultura.sma.gob.ar\/wp-content\/uploads\/2022\/08\/GRILLA-VEGACENTRO-768x768.jpeg 768w, https:\/\/cultura.sma.gob.ar\/wp-content\/uploads\/2022\/08\/GRILLA-VEGACENTRO-90x90.jpeg 90w, https:\/\/cultura.sma.gob.ar\/wp-content\/uploads\/2022\/08\/GRILLA-VEGACENTRO.jpeg 1080w\" sizes=\"auto, (max-width: 1024px) 100vw, 1024px\" \/><\/figure>\n\n\n\n<p><strong><a href=\"http:\/\/cultura.sma.gob.ar\/2022\/06\/04\/estacion-cultural-cordones-del-chapelco\/\" data-type=\"post\" data-id=\"3403\">Estaci\u00f3n Cultural Cordones del Chapelco<\/a> <\/strong><\/p>\n\n\n\n<p>En la Delegaci\u00f3n Municipal de Cordones del Chapelco, Av. Los Lagos al 1900<\/p>\n\n\n\n<figure class=\"wp-block-image size-large\"><img loading=\"lazy\" decoding=\"async\" width=\"1024\" height=\"1024\" src=\"http:\/\/cultura.sma.gob.ar\/wp-content\/uploads\/2022\/08\/GRILLA-CORDONES-1024x1024.jpeg\" alt=\"\" class=\"wp-image-3824\" srcset=\"https:\/\/cultura.sma.gob.ar\/wp-content\/uploads\/2022\/08\/GRILLA-CORDONES-1024x1024.jpeg 1024w, https:\/\/cultura.sma.gob.ar\/wp-content\/uploads\/2022\/08\/GRILLA-CORDONES-300x300.jpeg 300w, https:\/\/cultura.sma.gob.ar\/wp-content\/uploads\/2022\/08\/GRILLA-CORDONES-150x150.jpeg 150w, https:\/\/cultura.sma.gob.ar\/wp-content\/uploads\/2022\/08\/GRILLA-CORDONES-768x768.jpeg 768w, https:\/\/cultura.sma.gob.ar\/wp-content\/uploads\/2022\/08\/GRILLA-CORDONES-90x90.jpeg 90w, https:\/\/cultura.sma.gob.ar\/wp-content\/uploads\/2022\/08\/GRILLA-CORDONES.jpeg 1080w\" sizes=\"auto, (max-width: 1024px) 100vw, 1024px\" \/><\/figure>\n","protected":false},"excerpt":{"rendered":"<p>TALLERES CULTURALES Y RECREATIVOS GRATUITOS PARA TODAS LAS EDADES Cinco Estaciones Culturales en distintos barrios, con m\u00e1s de 30 talleres culturales gratuitos. Para inscripciones y consultas pod\u00e9s mandarnos un WhatsApp al 2944212937 o escribirnos por mail a talleres.cultura@smandes.gov.ar Grilla de actividades: Para saber m\u00e1s de cada taller, clickea en el nombre de cada Estaci\u00f3n Cultural Estaci\u00f3n Cultural Cantera En la Junta Vecinal del Cantera, subiendo &hellip; <a href=\"https:\/\/cultura.sma.gob.ar\/?p=3407\" class=\"more-link\">Continue reading <span class=\"screen-reader-text\">ESTACIONES CULTURALES 2022<\/span><\/a><\/p>\n","protected":false},"author":1,"featured_media":293,"comment_status":"closed","ping_status":"","sticky":false,"template":"","format":"image","meta":{"footnotes":""},"categories":[7,9],"tags":[],"class_list":["post-3407","post","type-post","status-publish","format-image","has-post-thumbnail","hentry","category-talleres-cultura","category-ultimas-noticias","post_format-post-format-image"],"_links":{"self":[{"href":"https:\/\/cultura.sma.gob.ar\/index.php?rest_route=\/wp\/v2\/posts\/3407","targetHints":{"allow":["GET"]}}],"collection":[{"href":"https:\/\/cultura.sma.gob.ar\/index.php?rest_route=\/wp\/v2\/posts"}],"about":[{"href":"https:\/\/cultura.sma.gob.ar\/index.php?rest_route=\/wp\/v2\/types\/post"}],"author":[{"embeddable":true,"href":"https:\/\/cultura.sma.gob.ar\/index.php?rest_route=\/wp\/v2\/users\/1"}],"replies":[{"embeddable":true,"href":"https:\/\/cultura.sma.gob.ar\/index.php?rest_route=%2Fwp%2Fv2%2Fcomments&post=3407"}],"version-history":[{"count":2,"href":"https:\/\/cultura.sma.gob.ar\/index.php?rest_route=\/wp\/v2\/posts\/3407\/revisions"}],"predecessor-version":[{"id":3825,"href":"https:\/\/cultura.sma.gob.ar\/index.php?rest_route=\/wp\/v2\/posts\/3407\/revisions\/3825"}],"wp:featuredmedia":[{"embeddable":true,"href":"https:\/\/cultura.sma.gob.ar\/index.php?rest_route=\/wp\/v2\/media\/293"}],"wp:attachment":[{"href":"https:\/\/cultura.sma.gob.ar\/index.php?rest_route=%2Fwp%2Fv2%2Fmedia&parent=3407"}],"wp:term":[{"taxonomy":"category","embeddable":true,"href":"https:\/\/cultura.sma.gob.ar\/index.php?rest_route=%2Fwp%2Fv2%2Fcategories&post=3407"},{"taxonomy":"post_tag","embeddable":true,"href":"https:\/\/cultura.sma.gob.ar\/index.php?rest_route=%2Fwp%2Fv2%2Ftags&post=3407"}],"curies":[{"name":"wp","href":"https:\/\/api.w.org\/{rel}","templated":true}]}}