{"id":3403,"date":"2022-06-04T18:10:00","date_gmt":"2022-06-04T21:10:00","guid":{"rendered":"http:\/\/cultura.sma.gob.ar\/?p=3403"},"modified":"2022-08-24T21:07:10","modified_gmt":"2022-08-25T00:07:10","slug":"estacion-cultural-cordones-del-chapelco","status":"publish","type":"post","link":"https:\/\/cultura.sma.gob.ar\/?p=3403","title":{"rendered":"Estaci\u00f3n Cultural Cordones del Chapelco"},"content":{"rendered":"\n<figure class=\"wp-block-image size-large\"><img loading=\"lazy\" decoding=\"async\" width=\"1024\" height=\"1024\" src=\"http:\/\/cultura.sma.gob.ar\/wp-content\/uploads\/2022\/08\/GRILLA-CORDONES-1-1024x1024.jpeg\" alt=\"\" class=\"wp-image-3834\" srcset=\"https:\/\/cultura.sma.gob.ar\/wp-content\/uploads\/2022\/08\/GRILLA-CORDONES-1-1024x1024.jpeg 1024w, https:\/\/cultura.sma.gob.ar\/wp-content\/uploads\/2022\/08\/GRILLA-CORDONES-1-300x300.jpeg 300w, https:\/\/cultura.sma.gob.ar\/wp-content\/uploads\/2022\/08\/GRILLA-CORDONES-1-150x150.jpeg 150w, https:\/\/cultura.sma.gob.ar\/wp-content\/uploads\/2022\/08\/GRILLA-CORDONES-1-768x768.jpeg 768w, https:\/\/cultura.sma.gob.ar\/wp-content\/uploads\/2022\/08\/GRILLA-CORDONES-1-90x90.jpeg 90w, https:\/\/cultura.sma.gob.ar\/wp-content\/uploads\/2022\/08\/GRILLA-CORDONES-1.jpeg 1080w\" sizes=\"auto, (max-width: 1024px) 100vw, 1024px\" \/><\/figure>\n\n\n\n<p>En la Delegaci\u00f3n Municipal de Cordones del Chapelco, Av. Los Lagos al 1900.<\/p>\n\n\n\n<p><strong>T\u00edteres<\/strong><br>&#8211; Martes 16 hs.<br>&#8211; Para ni\u00f1os\/as a partir de los 6 a\u00f1os<br>Taller orientado a la creaci\u00f3n de diversos t\u00edteres (guante de nesa y boc\u00f3n), teniendo como eje la exploraci\u00f3n del objeto y su materialidad.<\/p>\n\n\n\n<p><strong>Cine Infantil<\/strong><br>&#8211; Martes 18 hs.<br>&#8211; Para ni\u00f1os\/as<br>Taller donde los ni\u00f1os\/as aprender\u00e1n sobre el cine y crear\u00e1n sus propios videos a trav\u00e9s del juego y la experimentaci\u00f3n.<\/p>\n\n\n\n<p><strong>Amigurumis figuras a crochet<\/strong><br>&#8211; Martes 20 hs.<br>&#8211; Para j\u00f3venes y adultos\/as<br>En este taller se aprende a crear figuras tridimensionales con lana y t\u00e9cnicas de crochet.<\/p>\n\n\n\n<p><strong>Reciclado y pintura decorativa<\/strong><br>&#8211; S\u00e1bado 16 hs.<br>&#8211; J\u00f3venes y adultos<br>Darle una segunda oportunidad a los objetos que estaban a punto de ser desechados, siendo intervenidos con distintas t\u00e9cnicas decorativas, ya sea pintura, modelado de diferentes tipos de masas.<\/p>\n\n\n\n<p><strong>Ajedrez<\/strong><br>&#8211; S\u00e1bado 18 hs.<br>&#8211; Para todas las edades<br>Un espacio de encuentro para aprender a jugar al ajedrez y tambi\u00e9n para seguir<br>perfeccionando el juego compartiendo experiencias con otros jugadores\/as.<\/p>\n\n\n\n<p>Para inscripciones y consultas escribinos por WhatsApp 2944212937 o por mail<br>talleres.cultura@smandes.gov.ar<\/p>\n\n\n\n<figure class=\"wp-block-image size-large\"><img loading=\"lazy\" decoding=\"async\" width=\"1024\" height=\"1024\" src=\"http:\/\/cultura.sma.gob.ar\/wp-content\/uploads\/2022\/06\/EC-wt-3-1024x1024.png\" alt=\"\" class=\"wp-image-3405\" srcset=\"https:\/\/cultura.sma.gob.ar\/wp-content\/uploads\/2022\/06\/EC-wt-3-1024x1024.png 1024w, https:\/\/cultura.sma.gob.ar\/wp-content\/uploads\/2022\/06\/EC-wt-3-300x300.png 300w, https:\/\/cultura.sma.gob.ar\/wp-content\/uploads\/2022\/06\/EC-wt-3-150x150.png 150w, https:\/\/cultura.sma.gob.ar\/wp-content\/uploads\/2022\/06\/EC-wt-3-768x768.png 768w, https:\/\/cultura.sma.gob.ar\/wp-content\/uploads\/2022\/06\/EC-wt-3-90x90.png 90w, https:\/\/cultura.sma.gob.ar\/wp-content\/uploads\/2022\/06\/EC-wt-3.png 1080w\" sizes=\"auto, (max-width: 1024px) 100vw, 1024px\" \/><\/figure>\n","protected":false},"excerpt":{"rendered":"<p>En la Delegaci\u00f3n Municipal de Cordones del Chapelco, Av. Los Lagos al 1900. T\u00edteres&#8211; Martes 16 hs.&#8211; Para ni\u00f1os\/as a partir de los 6 a\u00f1osTaller orientado a la creaci\u00f3n de diversos t\u00edteres (guante de nesa y boc\u00f3n), teniendo como eje la exploraci\u00f3n del objeto y su materialidad. Cine Infantil&#8211; Martes 18 hs.&#8211; Para ni\u00f1os\/asTaller donde los ni\u00f1os\/as aprender\u00e1n sobre el cine y crear\u00e1n sus propios &hellip; <a href=\"https:\/\/cultura.sma.gob.ar\/?p=3403\" class=\"more-link\">Continue reading <span class=\"screen-reader-text\">Estaci\u00f3n Cultural Cordones del Chapelco<\/span><\/a><\/p>\n","protected":false},"author":1,"featured_media":293,"comment_status":"closed","ping_status":"","sticky":false,"template":"","format":"image","meta":{"footnotes":""},"categories":[7,9],"tags":[],"class_list":["post-3403","post","type-post","status-publish","format-image","has-post-thumbnail","hentry","category-talleres-cultura","category-ultimas-noticias","post_format-post-format-image"],"_links":{"self":[{"href":"https:\/\/cultura.sma.gob.ar\/index.php?rest_route=\/wp\/v2\/posts\/3403","targetHints":{"allow":["GET"]}}],"collection":[{"href":"https:\/\/cultura.sma.gob.ar\/index.php?rest_route=\/wp\/v2\/posts"}],"about":[{"href":"https:\/\/cultura.sma.gob.ar\/index.php?rest_route=\/wp\/v2\/types\/post"}],"author":[{"embeddable":true,"href":"https:\/\/cultura.sma.gob.ar\/index.php?rest_route=\/wp\/v2\/users\/1"}],"replies":[{"embeddable":true,"href":"https:\/\/cultura.sma.gob.ar\/index.php?rest_route=%2Fwp%2Fv2%2Fcomments&post=3403"}],"version-history":[{"count":2,"href":"https:\/\/cultura.sma.gob.ar\/index.php?rest_route=\/wp\/v2\/posts\/3403\/revisions"}],"predecessor-version":[{"id":3835,"href":"https:\/\/cultura.sma.gob.ar\/index.php?rest_route=\/wp\/v2\/posts\/3403\/revisions\/3835"}],"wp:featuredmedia":[{"embeddable":true,"href":"https:\/\/cultura.sma.gob.ar\/index.php?rest_route=\/wp\/v2\/media\/293"}],"wp:attachment":[{"href":"https:\/\/cultura.sma.gob.ar\/index.php?rest_route=%2Fwp%2Fv2%2Fmedia&parent=3403"}],"wp:term":[{"taxonomy":"category","embeddable":true,"href":"https:\/\/cultura.sma.gob.ar\/index.php?rest_route=%2Fwp%2Fv2%2Fcategories&post=3403"},{"taxonomy":"post_tag","embeddable":true,"href":"https:\/\/cultura.sma.gob.ar\/index.php?rest_route=%2Fwp%2Fv2%2Ftags&post=3403"}],"curies":[{"name":"wp","href":"https:\/\/api.w.org\/{rel}","templated":true}]}}