{"id":3399,"date":"2022-06-04T18:08:20","date_gmt":"2022-06-04T21:08:20","guid":{"rendered":"http:\/\/cultura.sma.gob.ar\/?p=3399"},"modified":"2022-08-24T21:03:25","modified_gmt":"2022-08-25T00:03:25","slug":"estacion-cultural-vega-centro-2","status":"publish","type":"post","link":"https:\/\/cultura.sma.gob.ar\/?p=3399","title":{"rendered":"Estaci\u00f3n Cultural Vega Centro"},"content":{"rendered":"\n<figure class=\"wp-block-image size-large\"><img loading=\"lazy\" decoding=\"async\" width=\"1024\" height=\"1024\" src=\"http:\/\/cultura.sma.gob.ar\/wp-content\/uploads\/2022\/08\/GRILLA-VEGACENTRO-1-1024x1024.jpeg\" alt=\"\" class=\"wp-image-3832\" srcset=\"https:\/\/cultura.sma.gob.ar\/wp-content\/uploads\/2022\/08\/GRILLA-VEGACENTRO-1-1024x1024.jpeg 1024w, https:\/\/cultura.sma.gob.ar\/wp-content\/uploads\/2022\/08\/GRILLA-VEGACENTRO-1-300x300.jpeg 300w, https:\/\/cultura.sma.gob.ar\/wp-content\/uploads\/2022\/08\/GRILLA-VEGACENTRO-1-150x150.jpeg 150w, https:\/\/cultura.sma.gob.ar\/wp-content\/uploads\/2022\/08\/GRILLA-VEGACENTRO-1-768x768.jpeg 768w, https:\/\/cultura.sma.gob.ar\/wp-content\/uploads\/2022\/08\/GRILLA-VEGACENTRO-1-90x90.jpeg 90w, https:\/\/cultura.sma.gob.ar\/wp-content\/uploads\/2022\/08\/GRILLA-VEGACENTRO-1.jpeg 1080w\" sizes=\"auto, (max-width: 1024px) 100vw, 1024px\" \/><\/figure>\n\n\n\n<p>En la Delegaci\u00f3n Municipal de Vega Centro, calle Santa Fe 447.<\/p>\n\n\n\n<p><strong>Amigurumis, figuras a crochet<\/strong><br>&#8211; Lunes 16 hs.<br>&#8211; Para j\u00f3venes y adultos\/as<br>En este taller se aprende a crear figuras tridimensionales con lana y t\u00e9cnicas de crochet.<\/p>\n\n\n\n<p><strong>Ajedrez<\/strong><br>&#8211; Lunes 18 hs.<br>&#8211; Para todas las edades<br>Un espacio de encuentro para aprender a jugar al ajedrez y tambi\u00e9n para seguir<br>perfeccionando el juego compartiendo experiencias con otros jugadores\/as.<\/p>\n\n\n\n<p><strong>Teatro<\/strong><br>&#8211; Lunes 20 hs.<br>&#8211; J\u00f3venes y adultos<br>Taller donde podr\u00e1n aprender las t\u00e9cnicas b\u00e1sicas de la actuaci\u00f3n e introducirse en este maravilloso mundo.<\/p>\n\n\n\n<p><strong>Cine Infantil<\/strong><br>&#8211; Mi\u00e9rcoles 16 hs.<br>&#8211; Para ni\u00f1os\/as<br>Taller donde los ni\u00f1os\/as aprender\u00e1n sobre el cine y crear\u00e1n sus propios videos a trav\u00e9s del juego y la experimentaci\u00f3n.<\/p>\n\n\n\n<p><strong>Maquetas, arquitectura y ciudad<\/strong><br>&#8211; Mi\u00e9rcoles 18 hs.<br>&#8211; Para ni\u00f1os\/as a partir de los 6 a\u00f1os<br>Esta actividad mezcla las artes pl\u00e1sticas con la arquitectura para dise\u00f1ar y construir maquetas de ciudad reales y ficticias.<\/p>\n\n\n\n<p><strong>Tango<\/strong><br>&#8211; Mi\u00e9rcoles 20 hs.<br>&#8211; Para j\u00f3venes y adultos\/as<br>Para aprender a bailar tango y seguir perfeccionando el baile. Se aprenden los roles de conductor y receptor, las marcas, figuras, musicalidad y c\u00f3digos del baile.<\/p>\n\n\n\n<p><strong>Encuadernaci\u00f3n<\/strong><br>&#8211; Viernes 16 hs.<br>&#8211; Para j\u00f3venes y adultos\/as<br>En el taller se aprenden t\u00e9cnicas de encuadernaci\u00f3n, dise\u00f1o y costura para generar libretas personales.<\/p>\n\n\n\n<p><strong>T\u00e9cnicas de artes pl\u00e1sticas<\/strong><br>&#8211; Viernes 18 hs.<br>&#8211; Para ni\u00f1os\/as a partir de los 6 a\u00f1os<br>La idea es aprender y conocer diferentes t\u00e9cnicas art\u00edsticas para incentivar la creatividad y a trav\u00e9s de la experimentaci\u00f3n adquirir herramientas para crear. Comprender la cantidad de posibilidades que nos da el arte desde el dibujo, la pintura, las tintas, la escultura, las instalaciones y las escenograf\u00edas.<\/p>\n\n\n\n<p>Para inscripciones y consultas escribinos por WhatsApp 2944212937 o por mail<br>talleres.cultura@smandes.gov.ar<\/p>\n\n\n\n<figure class=\"wp-block-image size-large\"><img loading=\"lazy\" decoding=\"async\" width=\"1024\" height=\"1024\" src=\"http:\/\/cultura.sma.gob.ar\/wp-content\/uploads\/2022\/06\/EC-wt-2-1024x1024.png\" alt=\"\" class=\"wp-image-3401\" srcset=\"https:\/\/cultura.sma.gob.ar\/wp-content\/uploads\/2022\/06\/EC-wt-2-1024x1024.png 1024w, https:\/\/cultura.sma.gob.ar\/wp-content\/uploads\/2022\/06\/EC-wt-2-300x300.png 300w, https:\/\/cultura.sma.gob.ar\/wp-content\/uploads\/2022\/06\/EC-wt-2-150x150.png 150w, https:\/\/cultura.sma.gob.ar\/wp-content\/uploads\/2022\/06\/EC-wt-2-768x768.png 768w, https:\/\/cultura.sma.gob.ar\/wp-content\/uploads\/2022\/06\/EC-wt-2-90x90.png 90w, https:\/\/cultura.sma.gob.ar\/wp-content\/uploads\/2022\/06\/EC-wt-2.png 1080w\" sizes=\"auto, (max-width: 1024px) 100vw, 1024px\" \/><\/figure>\n","protected":false},"excerpt":{"rendered":"<p>En la Delegaci\u00f3n Municipal de Vega Centro, calle Santa Fe 447. Amigurumis, figuras a crochet&#8211; Lunes 16 hs.&#8211; Para j\u00f3venes y adultos\/asEn este taller se aprende a crear figuras tridimensionales con lana y t\u00e9cnicas de crochet. Ajedrez&#8211; Lunes 18 hs.&#8211; Para todas las edadesUn espacio de encuentro para aprender a jugar al ajedrez y tambi\u00e9n para seguirperfeccionando el juego compartiendo experiencias con otros jugadores\/as. Teatro&#8211; &hellip; <a href=\"https:\/\/cultura.sma.gob.ar\/?p=3399\" class=\"more-link\">Continue reading <span class=\"screen-reader-text\">Estaci\u00f3n Cultural Vega Centro<\/span><\/a><\/p>\n","protected":false},"author":1,"featured_media":293,"comment_status":"closed","ping_status":"","sticky":false,"template":"","format":"image","meta":{"footnotes":""},"categories":[7,9],"tags":[],"class_list":["post-3399","post","type-post","status-publish","format-image","has-post-thumbnail","hentry","category-talleres-cultura","category-ultimas-noticias","post_format-post-format-image"],"_links":{"self":[{"href":"https:\/\/cultura.sma.gob.ar\/index.php?rest_route=\/wp\/v2\/posts\/3399","targetHints":{"allow":["GET"]}}],"collection":[{"href":"https:\/\/cultura.sma.gob.ar\/index.php?rest_route=\/wp\/v2\/posts"}],"about":[{"href":"https:\/\/cultura.sma.gob.ar\/index.php?rest_route=\/wp\/v2\/types\/post"}],"author":[{"embeddable":true,"href":"https:\/\/cultura.sma.gob.ar\/index.php?rest_route=\/wp\/v2\/users\/1"}],"replies":[{"embeddable":true,"href":"https:\/\/cultura.sma.gob.ar\/index.php?rest_route=%2Fwp%2Fv2%2Fcomments&post=3399"}],"version-history":[{"count":2,"href":"https:\/\/cultura.sma.gob.ar\/index.php?rest_route=\/wp\/v2\/posts\/3399\/revisions"}],"predecessor-version":[{"id":3833,"href":"https:\/\/cultura.sma.gob.ar\/index.php?rest_route=\/wp\/v2\/posts\/3399\/revisions\/3833"}],"wp:featuredmedia":[{"embeddable":true,"href":"https:\/\/cultura.sma.gob.ar\/index.php?rest_route=\/wp\/v2\/media\/293"}],"wp:attachment":[{"href":"https:\/\/cultura.sma.gob.ar\/index.php?rest_route=%2Fwp%2Fv2%2Fmedia&parent=3399"}],"wp:term":[{"taxonomy":"category","embeddable":true,"href":"https:\/\/cultura.sma.gob.ar\/index.php?rest_route=%2Fwp%2Fv2%2Fcategories&post=3399"},{"taxonomy":"post_tag","embeddable":true,"href":"https:\/\/cultura.sma.gob.ar\/index.php?rest_route=%2Fwp%2Fv2%2Ftags&post=3399"}],"curies":[{"name":"wp","href":"https:\/\/api.w.org\/{rel}","templated":true}]}}