{"id":3395,"date":"2022-06-04T18:06:46","date_gmt":"2022-06-04T21:06:46","guid":{"rendered":"http:\/\/cultura.sma.gob.ar\/?p=3395"},"modified":"2022-08-24T20:59:06","modified_gmt":"2022-08-24T23:59:06","slug":"estacion-cultural-villa-paur-2","status":"publish","type":"post","link":"https:\/\/cultura.sma.gob.ar\/?p=3395","title":{"rendered":"Estaci\u00f3n Cultural Villa Paur"},"content":{"rendered":"\n<figure class=\"wp-block-image size-large\"><img loading=\"lazy\" decoding=\"async\" width=\"1024\" height=\"1024\" src=\"http:\/\/cultura.sma.gob.ar\/wp-content\/uploads\/2022\/08\/GRILLA-VILLA-PAUR-1-1024x1024.png\" alt=\"\" class=\"wp-image-3830\" srcset=\"https:\/\/cultura.sma.gob.ar\/wp-content\/uploads\/2022\/08\/GRILLA-VILLA-PAUR-1-1024x1024.png 1024w, https:\/\/cultura.sma.gob.ar\/wp-content\/uploads\/2022\/08\/GRILLA-VILLA-PAUR-1-300x300.png 300w, https:\/\/cultura.sma.gob.ar\/wp-content\/uploads\/2022\/08\/GRILLA-VILLA-PAUR-1-150x150.png 150w, https:\/\/cultura.sma.gob.ar\/wp-content\/uploads\/2022\/08\/GRILLA-VILLA-PAUR-1-768x768.png 768w, https:\/\/cultura.sma.gob.ar\/wp-content\/uploads\/2022\/08\/GRILLA-VILLA-PAUR-1-90x90.png 90w, https:\/\/cultura.sma.gob.ar\/wp-content\/uploads\/2022\/08\/GRILLA-VILLA-PAUR-1.png 1080w\" sizes=\"auto, (max-width: 1024px) 100vw, 1024px\" \/><\/figure>\n\n\n\n<p>En la Junta Vecinal de Villa Paur, calle Paim\u00fan 96<\/p>\n\n\n\n<p><strong>T\u00edteres<\/strong><br>&#8211; Lunes 18 hs.<br>&#8211; Para ni\u00f1os\/as de partir de 6 a\u00f1os<br>Taller orientado a la creaci\u00f3n de diversos t\u00edteres (guante de nesa y boc\u00f3n), teniendo como eje la exploraci\u00f3n del objeto y su materialidad.<\/p>\n\n\n\n<p><strong>Pintura puntillismo<\/strong><br>&#8211; Lunes 20 hs.<br>&#8211; Para j\u00f3venes y adultos\/as<br>El taller consiste en aprender la t\u00e9cnica del puntillismo, que es pintar a trav\u00e9s de puntos para crear diferentes figuras en distintas superficies como botellas, piedras, espejos.<\/p>\n\n\n\n<p><strong>Tango<\/strong><br>&#8211; Mi\u00e9rcoles 16 hs.<br>&#8211; Para j\u00f3venes y adultos\/as<br>Para aprender a bailar tango y seguir perfeccionando el baile. Se aprenden los roles de conductor y receptor, las marcas, figuras, musicalidad y c\u00f3digos del baile.<\/p>\n\n\n\n<p><strong>T\u00e9cnicas de artes pl\u00e1sticas<\/strong><br>&#8211; Mi\u00e9rcoles 18 hs.<br>&#8211; Para ni\u00f1os\/as a partir de 6 a\u00f1os<br>La idea es aprender y conocer diferentes t\u00e9cnicas art\u00edsticas para incentivar la creatividad y a trav\u00e9s de la experimentaci\u00f3n adquirir herramientas para crear. Comprender la cantidad de posibilidades que nos da el arte desde el dibujo, la pintura, las tintas, la escultura, las instalaciones y las escenograf\u00edas.<\/p>\n\n\n\n<p><strong>Amigurumis figuras a crochet<\/strong><br>&#8211; Mi\u00e9rcoles 20hs<br>&#8211; Para j\u00f3venes y adultos\/as<br>En este taller se aprende a crear figuras tridimensionales con lana y t\u00e9cnicas de crochet.<\/p>\n\n\n\n<p>Para inscripciones y consultas escribinos por WhatsApp 2944212937 o por mail talleres.cultura@smandes.gov.ar<\/p>\n\n\n\n<figure class=\"wp-block-image size-large\"><img loading=\"lazy\" decoding=\"async\" width=\"601\" height=\"601\" src=\"http:\/\/cultura.sma.gob.ar\/wp-content\/uploads\/2022\/06\/ec-villa-paur-1.png\" alt=\"\" class=\"wp-image-3397\" srcset=\"https:\/\/cultura.sma.gob.ar\/wp-content\/uploads\/2022\/06\/ec-villa-paur-1.png 601w, https:\/\/cultura.sma.gob.ar\/wp-content\/uploads\/2022\/06\/ec-villa-paur-1-300x300.png 300w, https:\/\/cultura.sma.gob.ar\/wp-content\/uploads\/2022\/06\/ec-villa-paur-1-150x150.png 150w, https:\/\/cultura.sma.gob.ar\/wp-content\/uploads\/2022\/06\/ec-villa-paur-1-90x90.png 90w\" sizes=\"auto, (max-width: 601px) 100vw, 601px\" \/><\/figure>\n","protected":false},"excerpt":{"rendered":"<p>En la Junta Vecinal de Villa Paur, calle Paim\u00fan 96 T\u00edteres&#8211; Lunes 18 hs.&#8211; Para ni\u00f1os\/as de partir de 6 a\u00f1osTaller orientado a la creaci\u00f3n de diversos t\u00edteres (guante de nesa y boc\u00f3n), teniendo como eje la exploraci\u00f3n del objeto y su materialidad. Pintura puntillismo&#8211; Lunes 20 hs.&#8211; Para j\u00f3venes y adultos\/asEl taller consiste en aprender la t\u00e9cnica del puntillismo, que es pintar a trav\u00e9s &hellip; <a href=\"https:\/\/cultura.sma.gob.ar\/?p=3395\" class=\"more-link\">Continue reading <span class=\"screen-reader-text\">Estaci\u00f3n Cultural Villa Paur<\/span><\/a><\/p>\n","protected":false},"author":1,"featured_media":293,"comment_status":"closed","ping_status":"","sticky":false,"template":"","format":"image","meta":{"footnotes":""},"categories":[7,9],"tags":[],"class_list":["post-3395","post","type-post","status-publish","format-image","has-post-thumbnail","hentry","category-talleres-cultura","category-ultimas-noticias","post_format-post-format-image"],"_links":{"self":[{"href":"https:\/\/cultura.sma.gob.ar\/index.php?rest_route=\/wp\/v2\/posts\/3395","targetHints":{"allow":["GET"]}}],"collection":[{"href":"https:\/\/cultura.sma.gob.ar\/index.php?rest_route=\/wp\/v2\/posts"}],"about":[{"href":"https:\/\/cultura.sma.gob.ar\/index.php?rest_route=\/wp\/v2\/types\/post"}],"author":[{"embeddable":true,"href":"https:\/\/cultura.sma.gob.ar\/index.php?rest_route=\/wp\/v2\/users\/1"}],"replies":[{"embeddable":true,"href":"https:\/\/cultura.sma.gob.ar\/index.php?rest_route=%2Fwp%2Fv2%2Fcomments&post=3395"}],"version-history":[{"count":2,"href":"https:\/\/cultura.sma.gob.ar\/index.php?rest_route=\/wp\/v2\/posts\/3395\/revisions"}],"predecessor-version":[{"id":3831,"href":"https:\/\/cultura.sma.gob.ar\/index.php?rest_route=\/wp\/v2\/posts\/3395\/revisions\/3831"}],"wp:featuredmedia":[{"embeddable":true,"href":"https:\/\/cultura.sma.gob.ar\/index.php?rest_route=\/wp\/v2\/media\/293"}],"wp:attachment":[{"href":"https:\/\/cultura.sma.gob.ar\/index.php?rest_route=%2Fwp%2Fv2%2Fmedia&parent=3395"}],"wp:term":[{"taxonomy":"category","embeddable":true,"href":"https:\/\/cultura.sma.gob.ar\/index.php?rest_route=%2Fwp%2Fv2%2Fcategories&post=3395"},{"taxonomy":"post_tag","embeddable":true,"href":"https:\/\/cultura.sma.gob.ar\/index.php?rest_route=%2Fwp%2Fv2%2Ftags&post=3395"}],"curies":[{"name":"wp","href":"https:\/\/api.w.org\/{rel}","templated":true}]}}