{"id":3391,"date":"2022-06-04T18:05:02","date_gmt":"2022-06-04T21:05:02","guid":{"rendered":"http:\/\/cultura.sma.gob.ar\/?p=3391"},"modified":"2022-08-24T20:54:52","modified_gmt":"2022-08-24T23:54:52","slug":"estacion-cultural-arenal","status":"publish","type":"post","link":"https:\/\/cultura.sma.gob.ar\/?p=3391","title":{"rendered":"Estaci\u00f3n Cultural Arenal"},"content":{"rendered":"\n<figure class=\"wp-block-image size-large\"><img loading=\"lazy\" decoding=\"async\" width=\"1024\" height=\"1024\" src=\"http:\/\/cultura.sma.gob.ar\/wp-content\/uploads\/2022\/08\/GRILLA-ARENAL-1-1024x1024.jpeg\" alt=\"\" class=\"wp-image-3828\" srcset=\"https:\/\/cultura.sma.gob.ar\/wp-content\/uploads\/2022\/08\/GRILLA-ARENAL-1-1024x1024.jpeg 1024w, https:\/\/cultura.sma.gob.ar\/wp-content\/uploads\/2022\/08\/GRILLA-ARENAL-1-300x300.jpeg 300w, https:\/\/cultura.sma.gob.ar\/wp-content\/uploads\/2022\/08\/GRILLA-ARENAL-1-150x150.jpeg 150w, https:\/\/cultura.sma.gob.ar\/wp-content\/uploads\/2022\/08\/GRILLA-ARENAL-1-768x768.jpeg 768w, https:\/\/cultura.sma.gob.ar\/wp-content\/uploads\/2022\/08\/GRILLA-ARENAL-1-90x90.jpeg 90w, https:\/\/cultura.sma.gob.ar\/wp-content\/uploads\/2022\/08\/GRILLA-ARENAL-1.jpeg 1080w\" sizes=\"auto, (max-width: 1024px) 100vw, 1024px\" \/><\/figure>\n\n\n\n<p>En la Delegaci\u00f3n Municipal del Arenal, calle Los Saucos al 100<\/p>\n\n\n\n<p><strong>T\u00e9cnicas de artes pl\u00e1sticas<\/strong><br>&#8211; Viernes 16 hs.<br>&#8211; Para ni\u00f1os\/as a partir de los 6 a\u00f1os<br>La idea es aprender y conocer diferentes t\u00e9cnicas art\u00edsticas para incentivar la creatividad y a trav\u00e9s de la experimentaci\u00f3n adquirir herramientas para crear. Comprender la cantidad de posibilidades que nos da el arte desde el dibujo, la pintura, las tintas, la escultura, las instalaciones y las escenograf\u00edas<\/p>\n\n\n\n<p><strong>Danza Urbana<\/strong><br>&#8211; Viernes 18 hs.<br>&#8211; Para adolescentes<br>Est\u00e1 dirigido a adolescentes que le guste el hip hop, raggaeton o dancehall. En la clase se ven diferentes t\u00e9cnicas de cada estilo. Se entrenan ejercicios y coreograf\u00eda.<\/p>\n\n\n\n<p><strong>Pintura Puntillismo<\/strong><br>&#8211; Viernes 20 hs.<br>&#8211; Para j\u00f3venes y adultos\/as<br>El taller consiste en aprender la t\u00e9cnica del puntillismo, que es pintar a trav\u00e9s de puntos para crear diferentes figuras en distintas superficies como botellas, piedras, espejos.<\/p>\n\n\n\n<p><strong>Encuadernaci\u00f3n<\/strong><br>&#8211; S\u00e1bado 16 hs.<br>&#8211; Para j\u00f3venes y adultos\/as<br>En el taller se aprenden t\u00e9cnicas de encuadernaci\u00f3n, dise\u00f1o y costura para generar libretas personales.<\/p>\n\n\n\n<p><strong>Folclore<\/strong> (ni\u00f1os\/as)<br>&#8211; S\u00e1bado 18 hs.<br>&#8211; Para ni\u00f1os\/as de partir de 6 a\u00f1os<br>Para aprender a bailar y seguir bailando danzas folcl\u00f3ricas<\/p>\n\n\n\n<p><strong>Folclore<\/strong><br>&#8211; S\u00e1bado 20 hs.<br>&#8211; Para j\u00f3venes y adultos\/as<br>Para aprender a bailar y seguir bailando danzas folcl\u00f3ricas<\/p>\n\n\n\n<p>Para inscripciones y consultas escribinos por WhatsApp 2944212937 o por mail<br>talleres.cultura@smandes.gov.ar<\/p>\n\n\n\n<figure class=\"wp-block-image size-large\"><img loading=\"lazy\" decoding=\"async\" width=\"1024\" height=\"1024\" src=\"http:\/\/cultura.sma.gob.ar\/wp-content\/uploads\/2022\/06\/EC-wt-1-1024x1024.png\" alt=\"\" class=\"wp-image-3392\" srcset=\"https:\/\/cultura.sma.gob.ar\/wp-content\/uploads\/2022\/06\/EC-wt-1-1024x1024.png 1024w, https:\/\/cultura.sma.gob.ar\/wp-content\/uploads\/2022\/06\/EC-wt-1-300x300.png 300w, https:\/\/cultura.sma.gob.ar\/wp-content\/uploads\/2022\/06\/EC-wt-1-150x150.png 150w, https:\/\/cultura.sma.gob.ar\/wp-content\/uploads\/2022\/06\/EC-wt-1-768x768.png 768w, https:\/\/cultura.sma.gob.ar\/wp-content\/uploads\/2022\/06\/EC-wt-1-90x90.png 90w, https:\/\/cultura.sma.gob.ar\/wp-content\/uploads\/2022\/06\/EC-wt-1.png 1080w\" sizes=\"auto, (max-width: 1024px) 100vw, 1024px\" \/><\/figure>\n","protected":false},"excerpt":{"rendered":"<p>En la Delegaci\u00f3n Municipal del Arenal, calle Los Saucos al 100 T\u00e9cnicas de artes pl\u00e1sticas&#8211; Viernes 16 hs.&#8211; Para ni\u00f1os\/as a partir de los 6 a\u00f1osLa idea es aprender y conocer diferentes t\u00e9cnicas art\u00edsticas para incentivar la creatividad y a trav\u00e9s de la experimentaci\u00f3n adquirir herramientas para crear. Comprender la cantidad de posibilidades que nos da el arte desde el dibujo, la pintura, las tintas, &hellip; <a href=\"https:\/\/cultura.sma.gob.ar\/?p=3391\" class=\"more-link\">Continue reading <span class=\"screen-reader-text\">Estaci\u00f3n Cultural Arenal<\/span><\/a><\/p>\n","protected":false},"author":1,"featured_media":293,"comment_status":"closed","ping_status":"","sticky":false,"template":"","format":"image","meta":{"footnotes":""},"categories":[7,9],"tags":[],"class_list":["post-3391","post","type-post","status-publish","format-image","has-post-thumbnail","hentry","category-talleres-cultura","category-ultimas-noticias","post_format-post-format-image"],"_links":{"self":[{"href":"https:\/\/cultura.sma.gob.ar\/index.php?rest_route=\/wp\/v2\/posts\/3391","targetHints":{"allow":["GET"]}}],"collection":[{"href":"https:\/\/cultura.sma.gob.ar\/index.php?rest_route=\/wp\/v2\/posts"}],"about":[{"href":"https:\/\/cultura.sma.gob.ar\/index.php?rest_route=\/wp\/v2\/types\/post"}],"author":[{"embeddable":true,"href":"https:\/\/cultura.sma.gob.ar\/index.php?rest_route=\/wp\/v2\/users\/1"}],"replies":[{"embeddable":true,"href":"https:\/\/cultura.sma.gob.ar\/index.php?rest_route=%2Fwp%2Fv2%2Fcomments&post=3391"}],"version-history":[{"count":2,"href":"https:\/\/cultura.sma.gob.ar\/index.php?rest_route=\/wp\/v2\/posts\/3391\/revisions"}],"predecessor-version":[{"id":3829,"href":"https:\/\/cultura.sma.gob.ar\/index.php?rest_route=\/wp\/v2\/posts\/3391\/revisions\/3829"}],"wp:featuredmedia":[{"embeddable":true,"href":"https:\/\/cultura.sma.gob.ar\/index.php?rest_route=\/wp\/v2\/media\/293"}],"wp:attachment":[{"href":"https:\/\/cultura.sma.gob.ar\/index.php?rest_route=%2Fwp%2Fv2%2Fmedia&parent=3391"}],"wp:term":[{"taxonomy":"category","embeddable":true,"href":"https:\/\/cultura.sma.gob.ar\/index.php?rest_route=%2Fwp%2Fv2%2Fcategories&post=3391"},{"taxonomy":"post_tag","embeddable":true,"href":"https:\/\/cultura.sma.gob.ar\/index.php?rest_route=%2Fwp%2Fv2%2Ftags&post=3391"}],"curies":[{"name":"wp","href":"https:\/\/api.w.org\/{rel}","templated":true}]}}