{"id":339,"date":"2020-10-03T11:14:18","date_gmt":"2020-10-03T14:14:18","guid":{"rendered":"http:\/\/cultura.sma.gob.ar\/?p=339"},"modified":"2020-10-03T12:11:37","modified_gmt":"2020-10-03T15:11:37","slug":"surrealidades-la-revista-intermitente-del-isfd-n3","status":"publish","type":"post","link":"https:\/\/cultura.sma.gob.ar\/?p=339","title":{"rendered":"SurRealidades: la revista intermitente del ISFD N\u00b03"},"content":{"rendered":"\n\n\n<p class=\"has-text-align-justify\">Tenemos para compartir el nuevo n\u00famero de SurRealidades, la revista intermitente del ISFD N\u00b0 3. Se trata de una EDICI\u00d3N ESPECIAL, en clave dist\u00f3pica y con un ligero gui\u00f1ito a cierta revista de marco amarillo.&nbsp;Groso equipo, laburo descomunal, colectivo, delirante y que por momentos me hizo acordar al rodaje de Apocalipsis Now&nbsp; Mat\u00edas Castro Sahilices Marcela Lucero Diego Rodr\u00edguez Reis. Colaboradorxs que son de otro mundo: Natalia Belenguer&nbsp; Flavia CarballoCamila Calderoni Nicol\u00e1s Coletto Eduard Fabregat Conny Fort Marcelo Gobbo Camila Kuas\u00f1osky TorresCarolina Lopez Sandra Mar\u00edn Francisco Morosini Flor Nobre.<\/p>\n\n\n\n<p>Pod\u00e9s ver la versi\u00f3n online en <a href=\"https:\/\/issuu.com\/tamaragironda\/docs\/sur_6__2_\">este enlace<\/a>.<\/p>\n","protected":false},"excerpt":{"rendered":"<p>Se trata de una EDICI\u00d3N ESPECIAL, en clave dist\u00f3pica y con un ligero gui\u00f1ito a cierta revista de marco amarillo <a href=\"https:\/\/cultura.sma.gob.ar\/?p=339\" class=\"more-link\">Continue reading <span class=\"screen-reader-text\">SurRealidades: la revista intermitente del ISFD N\u00b03<\/span><\/a><\/p>\n","protected":false},"author":1,"featured_media":297,"comment_status":"closed","ping_status":"","sticky":false,"template":"","format":"image","meta":{"footnotes":""},"categories":[9],"tags":[],"class_list":["post-339","post","type-post","status-publish","format-image","has-post-thumbnail","hentry","category-ultimas-noticias","post_format-post-format-image"],"_links":{"self":[{"href":"https:\/\/cultura.sma.gob.ar\/index.php?rest_route=\/wp\/v2\/posts\/339","targetHints":{"allow":["GET"]}}],"collection":[{"href":"https:\/\/cultura.sma.gob.ar\/index.php?rest_route=\/wp\/v2\/posts"}],"about":[{"href":"https:\/\/cultura.sma.gob.ar\/index.php?rest_route=\/wp\/v2\/types\/post"}],"author":[{"embeddable":true,"href":"https:\/\/cultura.sma.gob.ar\/index.php?rest_route=\/wp\/v2\/users\/1"}],"replies":[{"embeddable":true,"href":"https:\/\/cultura.sma.gob.ar\/index.php?rest_route=%2Fwp%2Fv2%2Fcomments&post=339"}],"version-history":[{"count":2,"href":"https:\/\/cultura.sma.gob.ar\/index.php?rest_route=\/wp\/v2\/posts\/339\/revisions"}],"predecessor-version":[{"id":366,"href":"https:\/\/cultura.sma.gob.ar\/index.php?rest_route=\/wp\/v2\/posts\/339\/revisions\/366"}],"wp:featuredmedia":[{"embeddable":true,"href":"https:\/\/cultura.sma.gob.ar\/index.php?rest_route=\/wp\/v2\/media\/297"}],"wp:attachment":[{"href":"https:\/\/cultura.sma.gob.ar\/index.php?rest_route=%2Fwp%2Fv2%2Fmedia&parent=339"}],"wp:term":[{"taxonomy":"category","embeddable":true,"href":"https:\/\/cultura.sma.gob.ar\/index.php?rest_route=%2Fwp%2Fv2%2Fcategories&post=339"},{"taxonomy":"post_tag","embeddable":true,"href":"https:\/\/cultura.sma.gob.ar\/index.php?rest_route=%2Fwp%2Fv2%2Ftags&post=339"}],"curies":[{"name":"wp","href":"https:\/\/api.w.org\/{rel}","templated":true}]}}