{"id":3387,"date":"2022-06-04T18:02:43","date_gmt":"2022-06-04T21:02:43","guid":{"rendered":"http:\/\/cultura.sma.gob.ar\/?p=3387"},"modified":"2022-08-24T20:50:18","modified_gmt":"2022-08-24T23:50:18","slug":"estacion-cultural-cantera","status":"publish","type":"post","link":"https:\/\/cultura.sma.gob.ar\/?p=3387","title":{"rendered":"Estaci\u00f3n Cultural Cantera"},"content":{"rendered":"\n<figure class=\"wp-block-image size-large\"><img loading=\"lazy\" decoding=\"async\" width=\"1024\" height=\"1024\" src=\"http:\/\/cultura.sma.gob.ar\/wp-content\/uploads\/2022\/08\/GRILLA-CANTERA-1-1024x1024.jpeg\" alt=\"\" class=\"wp-image-3826\" srcset=\"https:\/\/cultura.sma.gob.ar\/wp-content\/uploads\/2022\/08\/GRILLA-CANTERA-1-1024x1024.jpeg 1024w, https:\/\/cultura.sma.gob.ar\/wp-content\/uploads\/2022\/08\/GRILLA-CANTERA-1-300x300.jpeg 300w, https:\/\/cultura.sma.gob.ar\/wp-content\/uploads\/2022\/08\/GRILLA-CANTERA-1-150x150.jpeg 150w, https:\/\/cultura.sma.gob.ar\/wp-content\/uploads\/2022\/08\/GRILLA-CANTERA-1-768x768.jpeg 768w, https:\/\/cultura.sma.gob.ar\/wp-content\/uploads\/2022\/08\/GRILLA-CANTERA-1-90x90.jpeg 90w, https:\/\/cultura.sma.gob.ar\/wp-content\/uploads\/2022\/08\/GRILLA-CANTERA-1.jpeg 1080w\" sizes=\"auto, (max-width: 1024px) 100vw, 1024px\" \/><\/figure>\n\n\n\n<p>En la Junta Vecinal del Cantera, subiendo la escalera de la Virgen de las Nieves<br><\/p>\n\n\n\n<p><strong>Encuadernaci\u00f3n<\/strong><br>&#8211; Lunes 16 hs.<br>&#8211; Para j\u00f3venes y adultos\/as<br>&#8211; En el taller se aprenden t\u00e9cnicas de encuadernaci\u00f3n, dise\u00f1o y costura para generar  libretas personales.<\/p>\n\n\n\n<p><strong>Reciclado y pintura decorativa<\/strong><br>&#8211; Lunes 18 hs.<br>&#8211; Todas las edades<br>&#8211; Darle una segunda oportunidad a los objetos que estaban a punto de ser desechados, siendo intervenidos con distintas t\u00e9cnicas decorativas, ya sea pintura, modelado de diferentes tipos de masas.<\/p>\n\n\n\n<p><strong>Ajedrez<\/strong><br>&#8211; Mi\u00e9rcoles 16 hs.<br>&#8211; Para todas las edades<br>&#8211; Un espacio de encuentro para aprender a jugar al ajedrez y tambi\u00e9n para seguir<br>perfeccionando el juego compartiendo experiencias con otros jugadores\/as.<\/p>\n\n\n\n<p><strong>Cine Infantil<\/strong><br>&#8211; Mi\u00e9rcoles 18 hs.<br>&#8211; Para ni\u00f1os\/as<br>&#8211; Taller donde los ni\u00f1os\/as aprender\u00e1n sobre el cine y crear\u00e1n sus propios videos a trav\u00e9s del juego y la experimentaci\u00f3n.<\/p>\n\n\n\n<p><strong>Folclore<\/strong><br>&#8211; Mi\u00e9rcoles 20 hs.<br>&#8211; Para j\u00f3venes y adultos\/as<br>&#8211; Para aprender a bailar y seguir bailando danzas folcl\u00f3ricas<\/p>\n\n\n\n<p>Para inscripciones y consultas escribinos por WhatsApp 2944212937 o por mail<br>talleres.cultura@smandes.gov.ar<\/p>\n\n\n\n<figure class=\"wp-block-image size-large\"><img loading=\"lazy\" decoding=\"async\" width=\"1024\" height=\"1024\" src=\"http:\/\/cultura.sma.gob.ar\/wp-content\/uploads\/2022\/06\/EC-wt-1024x1024.png\" alt=\"\" class=\"wp-image-3389\" srcset=\"https:\/\/cultura.sma.gob.ar\/wp-content\/uploads\/2022\/06\/EC-wt-1024x1024.png 1024w, https:\/\/cultura.sma.gob.ar\/wp-content\/uploads\/2022\/06\/EC-wt-300x300.png 300w, https:\/\/cultura.sma.gob.ar\/wp-content\/uploads\/2022\/06\/EC-wt-150x150.png 150w, https:\/\/cultura.sma.gob.ar\/wp-content\/uploads\/2022\/06\/EC-wt-768x768.png 768w, https:\/\/cultura.sma.gob.ar\/wp-content\/uploads\/2022\/06\/EC-wt-90x90.png 90w, https:\/\/cultura.sma.gob.ar\/wp-content\/uploads\/2022\/06\/EC-wt.png 1080w\" sizes=\"auto, (max-width: 1024px) 100vw, 1024px\" \/><\/figure>\n","protected":false},"excerpt":{"rendered":"<p>En la Junta Vecinal del Cantera, subiendo la escalera de la Virgen de las Nieves Encuadernaci\u00f3n&#8211; Lunes 16 hs.&#8211; Para j\u00f3venes y adultos\/as&#8211; En el taller se aprenden t\u00e9cnicas de encuadernaci\u00f3n, dise\u00f1o y costura para generar libretas personales. Reciclado y pintura decorativa&#8211; Lunes 18 hs.&#8211; Todas las edades&#8211; Darle una segunda oportunidad a los objetos que estaban a punto de ser desechados, siendo intervenidos con &hellip; <a href=\"https:\/\/cultura.sma.gob.ar\/?p=3387\" class=\"more-link\">Continue reading <span class=\"screen-reader-text\">Estaci\u00f3n Cultural Cantera<\/span><\/a><\/p>\n","protected":false},"author":1,"featured_media":293,"comment_status":"closed","ping_status":"","sticky":false,"template":"","format":"image","meta":{"footnotes":""},"categories":[7,9],"tags":[],"class_list":["post-3387","post","type-post","status-publish","format-image","has-post-thumbnail","hentry","category-talleres-cultura","category-ultimas-noticias","post_format-post-format-image"],"_links":{"self":[{"href":"https:\/\/cultura.sma.gob.ar\/index.php?rest_route=\/wp\/v2\/posts\/3387","targetHints":{"allow":["GET"]}}],"collection":[{"href":"https:\/\/cultura.sma.gob.ar\/index.php?rest_route=\/wp\/v2\/posts"}],"about":[{"href":"https:\/\/cultura.sma.gob.ar\/index.php?rest_route=\/wp\/v2\/types\/post"}],"author":[{"embeddable":true,"href":"https:\/\/cultura.sma.gob.ar\/index.php?rest_route=\/wp\/v2\/users\/1"}],"replies":[{"embeddable":true,"href":"https:\/\/cultura.sma.gob.ar\/index.php?rest_route=%2Fwp%2Fv2%2Fcomments&post=3387"}],"version-history":[{"count":2,"href":"https:\/\/cultura.sma.gob.ar\/index.php?rest_route=\/wp\/v2\/posts\/3387\/revisions"}],"predecessor-version":[{"id":3827,"href":"https:\/\/cultura.sma.gob.ar\/index.php?rest_route=\/wp\/v2\/posts\/3387\/revisions\/3827"}],"wp:featuredmedia":[{"embeddable":true,"href":"https:\/\/cultura.sma.gob.ar\/index.php?rest_route=\/wp\/v2\/media\/293"}],"wp:attachment":[{"href":"https:\/\/cultura.sma.gob.ar\/index.php?rest_route=%2Fwp%2Fv2%2Fmedia&parent=3387"}],"wp:term":[{"taxonomy":"category","embeddable":true,"href":"https:\/\/cultura.sma.gob.ar\/index.php?rest_route=%2Fwp%2Fv2%2Fcategories&post=3387"},{"taxonomy":"post_tag","embeddable":true,"href":"https:\/\/cultura.sma.gob.ar\/index.php?rest_route=%2Fwp%2Fv2%2Ftags&post=3387"}],"curies":[{"name":"wp","href":"https:\/\/api.w.org\/{rel}","templated":true}]}}